{"id":3035,"date":"2023-01-09T17:05:30","date_gmt":"2023-01-09T17:05:30","guid":{"rendered":"https:\/\/mangolacplp.pt\/?p=3035"},"modified":"2023-06-05T19:40:16","modified_gmt":"2023-06-05T19:40:16","slug":"joao-laurentino-neves-e-novo-diretor-executivo-do-iilp","status":"publish","type":"post","link":"https:\/\/mangolacplp.pt\/?p=3035","title":{"rendered":"Jo\u00e3o Laurentino Neves \u00e9 novo Diretor Executivo do IILP"},"content":{"rendered":"\t\t<div data-elementor-type=\"wp-post\" data-elementor-id=\"3035\" class=\"elementor elementor-3035\">\n\t\t\t\t\t\t<section class=\"elementor-section elementor-top-section elementor-element elementor-element-458014f1 elementor-section-boxed elementor-section-height-default elementor-section-height-default\" data-id=\"458014f1\" data-element_type=\"section\" data-e-type=\"section\">\n\t\t\t\t\t\t<div class=\"elementor-container elementor-column-gap-default\">\n\t\t\t\t\t<div class=\"elementor-column elementor-col-100 elementor-top-column elementor-element elementor-element-174d4bab\" data-id=\"174d4bab\" data-element_type=\"column\" data-e-type=\"column\">\n\t\t\t<div class=\"elementor-widget-wrap elementor-element-populated\">\n\t\t\t\t\t\t<div class=\"elementor-element elementor-element-d11fbc9 elementor-widget elementor-widget-text-editor\" data-id=\"d11fbc9\" data-element_type=\"widget\" data-e-type=\"widget\" data-widget_type=\"text-editor.default\">\n\t\t\t\t<div class=\"elementor-widget-container\">\n\t\t\t\t\t\t\t\t\t<p><\/p>\n<p><\/p>\n<p><\/p>\n<p><span style=\"vertical-align: inherit; color: #000000;\"><span style=\"vertical-align: inherit;\"><span style=\"vertical-align: inherit;\"><span style=\"vertical-align: inherit;\">Na sede da CPLP, decorreu a cerim\u00f3nia de tomada de posse do novo Director Executivo do Instituto Internacional da L\u00edngua Portuguesa (IILP).<\/span><\/span><\/span><\/span><\/p>\n<p><\/p>\n<p><div class=\"wp-block-image\"><\/p>\n<figure class=\"aligncenter is-resized\"><img fetchpriority=\"high\" decoding=\"async\" src=\"https:\/\/lh4.googleusercontent.com\/TQf9iqUCDL9rZUFPW7zmnN9ZMexhAnkWsIUP1lRsrKjwHQw9JFuE6BWrrrix5hIw7e-wTKTiAofocRVNXgDz8lUdWOTsjkqmLOCbUCjOEXjBzwWVJQC2oSTWtVKVafEdNWO5XNJQcc2wvX_XTZqGtBjTpUHaHTqeNefTScIy816jGykuf-HbiiJ1Lt9m3Q\" alt=\"\" width=\"800\" height=\"450\" \/><\/figure>\n<p><\/div><\/p>\t\t\t\t\t\t\t\t<\/div>\n\t\t\t\t<\/div>\n\t\t\t\t<section class=\"elementor-section elementor-inner-section elementor-element elementor-element-af27211 elementor-section-boxed elementor-section-height-default elementor-section-height-default\" data-id=\"af27211\" data-element_type=\"section\" data-e-type=\"section\">\n\t\t\t\t\t\t<div class=\"elementor-container elementor-column-gap-default\">\n\t\t\t\t\t<div class=\"elementor-column elementor-col-50 elementor-inner-column elementor-element elementor-element-27ed15e\" data-id=\"27ed15e\" data-element_type=\"column\" data-e-type=\"column\">\n\t\t\t<div class=\"elementor-widget-wrap elementor-element-populated\">\n\t\t\t\t\t\t<div class=\"elementor-element elementor-element-ffb80f9 elementor-widget elementor-widget-text-editor\" data-id=\"ffb80f9\" data-element_type=\"widget\" data-e-type=\"widget\" data-widget_type=\"text-editor.default\">\n\t\t\t\t<div class=\"elementor-widget-container\">\n\t\t\t\t\t\t\t\t\t<p style=\"box-sizing: border-box; margin-top: 0px; margin-bottom: 1rem; color: #7a7a7a; font-family: Roboto, sans-serif; font-size: 16px; font-style: normal; font-variant-ligatures: normal; font-variant-caps: normal; font-weight: 400; letter-spacing: normal; orphans: 2; text-align: left; text-indent: 0px; text-transform: none; white-space: normal; widows: 2; word-spacing: 0px; -webkit-text-stroke-width: 0px; background-color: #ffffff; text-decoration-thickness: initial; text-decoration-style: initial; text-decoration-color: initial;\">\u00a0<\/p>\n<p style=\"box-sizing: border-box; margin-top: 0px; margin-bottom: 1rem; color: #7a7a7a; font-family: Roboto, sans-serif; font-size: 16px; font-style: normal; font-variant-ligatures: normal; font-variant-caps: normal; font-weight: 400; letter-spacing: normal; orphans: 2; text-align: left; text-indent: 0px; text-transform: none; white-space: normal; widows: 2; word-spacing: 0px; -webkit-text-stroke-width: 0px; background-color: #ffffff; text-decoration-thickness: initial; text-decoration-style: initial; text-decoration-color: initial;\">\u00a0<\/p>\n<p style=\"box-sizing: border-box; margin-top: 0px; margin-bottom: 1rem; color: #7a7a7a; font-family: Roboto, sans-serif; font-size: 16px; font-style: normal; font-variant-ligatures: normal; font-variant-caps: normal; font-weight: 400; letter-spacing: normal; orphans: 2; text-align: left; text-indent: 0px; text-transform: none; white-space: normal; widows: 2; word-spacing: 0px; -webkit-text-stroke-width: 0px; background-color: #ffffff;\"><span style=\"color: #000000;\">Ap\u00f3s as interven\u00e7\u00f5es do Secret\u00e1rio Executivo da CPLP, Zacarias da Costa, do Representante Permanente de Angola junto da CPLP\/ Presid\u00eancia em exerc\u00edcio da CPLP, Oliveira Encoge, e do Secret\u00e1rio de Estado dos Neg\u00f3cios Estrangeiros e da Coopera\u00e7\u00e3o de Portugal, Francisco Andr\u00e9, foi formalizada a leitura e assinatura do termo de posse de Jo\u00e3o Laurentino Neves.<\/span><\/p>\t\t\t\t\t\t\t\t<\/div>\n\t\t\t\t<\/div>\n\t\t\t\t\t<\/div>\n\t\t<\/div>\n\t\t\t\t<div class=\"elementor-column elementor-col-50 elementor-inner-column elementor-element elementor-element-b25c390\" data-id=\"b25c390\" data-element_type=\"column\" data-e-type=\"column\">\n\t\t\t<div class=\"elementor-widget-wrap elementor-element-populated\">\n\t\t\t\t\t\t<div class=\"elementor-element elementor-element-c47bfad elementor-widget elementor-widget-video\" data-id=\"c47bfad\" data-element_type=\"widget\" data-e-type=\"widget\" data-settings=\"{&quot;youtube_url&quot;:&quot;https:\\\/\\\/www.youtube.com\\\/watch?v=BdxNJtQVPq8&quot;,&quot;video_type&quot;:&quot;youtube&quot;,&quot;controls&quot;:&quot;yes&quot;}\" data-widget_type=\"video.default\">\n\t\t\t\t<div class=\"elementor-widget-container\">\n\t\t\t\t\t\t\t<div class=\"elementor-wrapper elementor-open-inline\">\n\t\t\t<div class=\"elementor-video\"><\/div>\t\t<\/div>\n\t\t\t\t\t\t<\/div>\n\t\t\t\t<\/div>\n\t\t\t\t\t<\/div>\n\t\t<\/div>\n\t\t\t\t\t<\/div>\n\t\t<\/section>\n\t\t\t\t<section class=\"elementor-section elementor-inner-section elementor-element elementor-element-0ee6a6a elementor-section-boxed elementor-section-height-default elementor-section-height-default\" data-id=\"0ee6a6a\" data-element_type=\"section\" data-e-type=\"section\">\n\t\t\t\t\t\t<div class=\"elementor-container elementor-column-gap-default\">\n\t\t\t\t\t<div class=\"elementor-column elementor-col-100 elementor-inner-column elementor-element elementor-element-c9cdffe\" data-id=\"c9cdffe\" data-element_type=\"column\" data-e-type=\"column\">\n\t\t\t<div class=\"elementor-widget-wrap elementor-element-populated\">\n\t\t\t\t\t\t<div class=\"elementor-element elementor-element-67ecd54 elementor-widget elementor-widget-text-editor\" data-id=\"67ecd54\" data-element_type=\"widget\" data-e-type=\"widget\" data-widget_type=\"text-editor.default\">\n\t\t\t\t<div class=\"elementor-widget-container\">\n\t\t\t\t\t\t\t\t\t<p>\u00a0<\/p>\n<p style=\"box-sizing: border-box; margin-top: 0px; margin-bottom: 1rem; color: #7a7a7a; font-family: Roboto, sans-serif; font-size: 16px; font-style: normal; font-variant-ligatures: normal; font-variant-caps: normal; font-weight: 400; letter-spacing: normal; orphans: 2; text-align: left; text-indent: 0px; text-transform: none; white-space: normal; widows: 2; word-spacing: 0px; -webkit-text-stroke-width: 0px; background-color: #ffffff;\"><span style=\"color: #000000;\">Em conformidade com o mandato conferido pela XXVII Reuni\u00e3o do Conselho de Ministros (Luanda, 3 de junho de 2022), o Comit\u00e9 de Concerta\u00e7\u00e3o Permanente da CPLP, reunido na 257\u00aa Reuni\u00e3o Ordin\u00e1ria, a 3 de novembro de 2022, elegeu Jo\u00e3o Laurentino Neves que sucede a Incanha Intumbo para o cargo de Director Executivo do IILP.<\/span><\/p>\t\t\t\t\t\t\t\t<\/div>\n\t\t\t\t<\/div>\n\t\t\t\t<div class=\"elementor-element elementor-element-b0a8535 elementor-arrows-position-inside elementor-widget elementor-widget-image-carousel\" data-id=\"b0a8535\" data-element_type=\"widget\" data-e-type=\"widget\" data-settings=\"{&quot;slides_to_show&quot;:&quot;2&quot;,&quot;navigation&quot;:&quot;arrows&quot;,&quot;pause_on_hover&quot;:&quot;no&quot;,&quot;autoplay&quot;:&quot;yes&quot;,&quot;pause_on_interaction&quot;:&quot;yes&quot;,&quot;autoplay_speed&quot;:5000,&quot;infinite&quot;:&quot;yes&quot;,&quot;speed&quot;:500}\" data-widget_type=\"image-carousel.default\">\n\t\t\t\t<div class=\"elementor-widget-container\">\n\t\t\t\t\t\t\t<div class=\"elementor-image-carousel-wrapper swiper\" role=\"region\" aria-roledescription=\"carousel\" aria-label=\"Image Carousel\" dir=\"ltr\">\n\t\t\t<div class=\"elementor-image-carousel swiper-wrapper\" aria-live=\"off\">\n\t\t\t\t\t\t\t\t<div class=\"swiper-slide\" role=\"group\" aria-roledescription=\"slide\" aria-label=\"1 of 42\"><figure class=\"swiper-slide-inner\"><img decoding=\"async\" class=\"swiper-slide-image\" src=\"https:\/\/mangolacplp.pt\/wp-content\/uploads\/2023\/01\/tomada-de-posse-do-diretor-executivo-do-iilp-6_52618447407_o-scaled.jpg\" alt=\"\" \/><\/figure><\/div><div class=\"swiper-slide\" role=\"group\" aria-roledescription=\"slide\" aria-label=\"2 of 42\"><figure class=\"swiper-slide-inner\"><img decoding=\"async\" class=\"swiper-slide-image\" src=\"https:\/\/mangolacplp.pt\/wp-content\/uploads\/2023\/01\/tomada-de-posse-do-diretor-executivo-do-iilp_52619391790_o-1536x1024.jpg\" alt=\"tomada-de-posse-do-diretor-executivo-do-iilp_52619391790_o\" \/><\/figure><\/div><div class=\"swiper-slide\" role=\"group\" aria-roledescription=\"slide\" aria-label=\"3 of 42\"><figure class=\"swiper-slide-inner\"><img decoding=\"async\" class=\"swiper-slide-image\" src=\"https:\/\/mangolacplp.pt\/wp-content\/uploads\/2023\/01\/tomada-de-posse-do-diretor-executivo-do-iilp-7_52618959276_o-1536x1024.jpg\" alt=\"tomada-de-posse-do-diretor-executivo-do-iilp-7_52618959276_o\" \/><\/figure><\/div><div class=\"swiper-slide\" role=\"group\" aria-roledescription=\"slide\" aria-label=\"4 of 42\"><figure class=\"swiper-slide-inner\"><img decoding=\"async\" class=\"swiper-slide-image\" src=\"https:\/\/mangolacplp.pt\/wp-content\/uploads\/2023\/01\/tomada-de-posse-do-diretor-executivo-do-iilp-8_52619227284_o-1536x1024.jpg\" alt=\"tomada-de-posse-do-diretor-executivo-do-iilp-8_52619227284_o\" \/><\/figure><\/div><div class=\"swiper-slide\" role=\"group\" aria-roledescription=\"slide\" aria-label=\"5 of 42\"><figure class=\"swiper-slide-inner\"><img decoding=\"async\" class=\"swiper-slide-image\" src=\"https:\/\/mangolacplp.pt\/wp-content\/uploads\/2023\/01\/tomada-de-posse-do-diretor-executivo-do-iilp-9_52619227524_o-1536x864.jpg\" alt=\"tomada-de-posse-do-diretor-executivo-do-iilp---9_52619227524_o\" \/><\/figure><\/div><div class=\"swiper-slide\" role=\"group\" aria-roledescription=\"slide\" aria-label=\"6 of 42\"><figure class=\"swiper-slide-inner\"><img decoding=\"async\" class=\"swiper-slide-image\" src=\"https:\/\/mangolacplp.pt\/wp-content\/uploads\/2023\/01\/tomada-de-posse-do-diretor-executivo-do-iilp-71_52618448477_o-1536x1024.jpg\" alt=\"tomada-de-posse-do-diretor-executivo-do-iilp-71_52618448477_o\" \/><\/figure><\/div><div class=\"swiper-slide\" role=\"group\" aria-roledescription=\"slide\" aria-label=\"7 of 42\"><figure class=\"swiper-slide-inner\"><img decoding=\"async\" class=\"swiper-slide-image\" src=\"https:\/\/mangolacplp.pt\/wp-content\/uploads\/2023\/01\/tomada-de-posse-do-diretor-executivo-do-iilp-3_52619443878_o-1536x1024.jpg\" alt=\"tomada-de-posse-do-diretor-executivo-do-iilp-3_52619443878_o\" \/><\/figure><\/div><div class=\"swiper-slide\" role=\"group\" aria-roledescription=\"slide\" aria-label=\"8 of 42\"><figure class=\"swiper-slide-inner\"><img decoding=\"async\" class=\"swiper-slide-image\" src=\"https:\/\/mangolacplp.pt\/wp-content\/uploads\/2023\/01\/tomada-de-posse-do-diretor-executivo-do-iilp-5_52618447462_o-1536x1024.jpg\" alt=\"tomada-de-posse-do-diretor-executivo-do-iilp-5_52618447462_o\" \/><\/figure><\/div><div class=\"swiper-slide\" role=\"group\" aria-roledescription=\"slide\" aria-label=\"9 of 42\"><figure class=\"swiper-slide-inner\"><img decoding=\"async\" class=\"swiper-slide-image\" src=\"https:\/\/mangolacplp.pt\/wp-content\/uploads\/2023\/01\/tomada-de-posse-do-diretor-executivo-do-iilp-4_52619443903_o-1536x1024.jpg\" alt=\"tomada-de-posse-do-diretor-executivo-do-iilp--4_52619443903_o\" \/><\/figure><\/div><div class=\"swiper-slide\" role=\"group\" aria-roledescription=\"slide\" aria-label=\"10 of 42\"><figure class=\"swiper-slide-inner\"><img decoding=\"async\" class=\"swiper-slide-image\" src=\"https:\/\/mangolacplp.pt\/wp-content\/uploads\/2023\/01\/tomada-de-posse-do-diretor-executivo-do-iilp-78_52619392690_o-1536x1024.jpg\" alt=\"tomada-de-posse-do-diretor-executivo-do-iilp-78_52619392690_o\" \/><\/figure><\/div><div class=\"swiper-slide\" role=\"group\" aria-roledescription=\"slide\" aria-label=\"11 of 42\"><figure class=\"swiper-slide-inner\"><img decoding=\"async\" class=\"swiper-slide-image\" src=\"https:\/\/mangolacplp.pt\/wp-content\/uploads\/2023\/01\/tomada-de-posse-do-diretor-executivo-do-iilp-79_52618448277_o-1536x1024.jpg\" alt=\"tomada-de-posse-do-diretor-executivo-do-iilp-79_52618448277_o\" \/><\/figure><\/div><div class=\"swiper-slide\" role=\"group\" aria-roledescription=\"slide\" aria-label=\"12 of 42\"><figure class=\"swiper-slide-inner\"><img decoding=\"async\" class=\"swiper-slide-image\" src=\"https:\/\/mangolacplp.pt\/wp-content\/uploads\/2023\/01\/tomada-de-posse-do-diretor-executivo-do-iilp-84_52618960106_o-1536x1024.jpg\" alt=\"tomada-de-posse-do-diretor-executivo-do-iilp-84_52618960106_o\" \/><\/figure><\/div><div class=\"swiper-slide\" role=\"group\" aria-roledescription=\"slide\" aria-label=\"13 of 42\"><figure class=\"swiper-slide-inner\"><img decoding=\"async\" class=\"swiper-slide-image\" src=\"https:\/\/mangolacplp.pt\/wp-content\/uploads\/2023\/01\/tomada-de-posse-do-diretor-executivo-do-iilp-72_52618448462_o-1536x1024.jpg\" alt=\"tomada-de-posse-do-diretor-executivo-do-iilp-72_52618448462_o\" \/><\/figure><\/div><div class=\"swiper-slide\" role=\"group\" aria-roledescription=\"slide\" aria-label=\"14 of 42\"><figure class=\"swiper-slide-inner\"><img decoding=\"async\" class=\"swiper-slide-image\" src=\"https:\/\/mangolacplp.pt\/wp-content\/uploads\/2023\/01\/TO1CBE1-1536x1024.jpg\" alt=\"TO1CBE~1\" \/><\/figure><\/div><div class=\"swiper-slide\" role=\"group\" aria-roledescription=\"slide\" aria-label=\"15 of 42\"><figure class=\"swiper-slide-inner\"><img decoding=\"async\" class=\"swiper-slide-image\" src=\"https:\/\/mangolacplp.pt\/wp-content\/uploads\/2023\/01\/tomada-de-posse-do-diretor-executivo-do-iilp-2_52618959371_o-1536x1024.jpg\" alt=\"tomada-de-posse-do-diretor-executivo-do-iilp-2_52618959371_o\" \/><\/figure><\/div><div class=\"swiper-slide\" role=\"group\" aria-roledescription=\"slide\" aria-label=\"16 of 42\"><figure class=\"swiper-slide-inner\"><img decoding=\"async\" class=\"swiper-slide-image\" src=\"https:\/\/mangolacplp.pt\/wp-content\/uploads\/2023\/01\/tomada-de-posse-do-diretor-executivo-do-iilp-65_52619393050_o-1536x1024.jpg\" alt=\"tomada-de-posse-do-diretor-executivo-do-iilp-65_52619393050_o\" \/><\/figure><\/div><div class=\"swiper-slide\" role=\"group\" aria-roledescription=\"slide\" aria-label=\"17 of 42\"><figure class=\"swiper-slide-inner\"><img decoding=\"async\" class=\"swiper-slide-image\" src=\"https:\/\/mangolacplp.pt\/wp-content\/uploads\/2023\/01\/tomada-de-posse-do-diretor-executivo-do-iilp-73_52619444803_o-1536x1024.jpg\" alt=\"tomada-de-posse-do-diretor-executivo-do-iilp-73_52619444803_o\" \/><\/figure><\/div><div class=\"swiper-slide\" role=\"group\" aria-roledescription=\"slide\" aria-label=\"18 of 42\"><figure class=\"swiper-slide-inner\"><img decoding=\"async\" class=\"swiper-slide-image\" src=\"https:\/\/mangolacplp.pt\/wp-content\/uploads\/2023\/01\/tomada-de-posse-do-diretor-executivo-do-iilp-64_52618960551_o-1536x1024.jpg\" alt=\"tomada-de-posse-do-diretor-executivo-do-iilp-64_52618960551_o\" \/><\/figure><\/div><div class=\"swiper-slide\" role=\"group\" aria-roledescription=\"slide\" aria-label=\"19 of 42\"><figure class=\"swiper-slide-inner\"><img decoding=\"async\" class=\"swiper-slide-image\" src=\"https:\/\/mangolacplp.pt\/wp-content\/uploads\/2023\/01\/tomada-de-posse-do-diretor-executivo-do-iilp-66_52619444988_o-1536x1024.jpg\" alt=\"tomada-de-posse-do-diretor-executivo-do-iilp-66_52619444988_o\" \/><\/figure><\/div><div class=\"swiper-slide\" role=\"group\" aria-roledescription=\"slide\" aria-label=\"20 of 42\"><figure class=\"swiper-slide-inner\"><img decoding=\"async\" class=\"swiper-slide-image\" src=\"https:\/\/mangolacplp.pt\/wp-content\/uploads\/2023\/01\/tomada-de-posse-do-diretor-executivo-do-iilp-74_52618448432_o-1536x1024.jpg\" alt=\"tomada-de-posse-do-diretor-executivo-do-iilp-74_52618448432_o\" \/><\/figure><\/div><div class=\"swiper-slide\" role=\"group\" aria-roledescription=\"slide\" aria-label=\"21 of 42\"><figure class=\"swiper-slide-inner\"><img decoding=\"async\" class=\"swiper-slide-image\" src=\"https:\/\/mangolacplp.pt\/wp-content\/uploads\/2023\/01\/tomada-de-posse-do-diretor-executivo-do-iilp-90_52618959956_o-1536x1024.jpg\" alt=\"tomada-de-posse-do-diretor-executivo-do-iilp-90_52618959956_o\" \/><\/figure><\/div><div class=\"swiper-slide\" role=\"group\" aria-roledescription=\"slide\" aria-label=\"22 of 42\"><figure class=\"swiper-slide-inner\"><img decoding=\"async\" class=\"swiper-slide-image\" src=\"https:\/\/mangolacplp.pt\/wp-content\/uploads\/2023\/01\/tomada-de-posse-do-diretor-executivo-do-iilp-87_52618960036_o-1536x1024.jpg\" alt=\"tomada-de-posse-do-diretor-executivo-do-iilp-87_52618960036_o\" \/><\/figure><\/div><div class=\"swiper-slide\" role=\"group\" aria-roledescription=\"slide\" aria-label=\"23 of 42\"><figure class=\"swiper-slide-inner\"><img decoding=\"async\" class=\"swiper-slide-image\" src=\"https:\/\/mangolacplp.pt\/wp-content\/uploads\/2023\/01\/tomada-de-posse-do-diretor-executivo-do-iilp-88_52619228129_o-1536x1024.jpg\" alt=\"tomada-de-posse-do-diretor-executivo-do-iilp-88_52619228129_o\" \/><\/figure><\/div><div class=\"swiper-slide\" role=\"group\" aria-roledescription=\"slide\" aria-label=\"24 of 42\"><figure class=\"swiper-slide-inner\"><img decoding=\"async\" class=\"swiper-slide-image\" src=\"https:\/\/mangolacplp.pt\/wp-content\/uploads\/2023\/01\/tomada-de-posse-do-diretor-executivo-do-iilp-89_52619444478_o-1536x1024.jpg\" alt=\"tomada-de-posse-do-diretor-executivo-do-iilp-89_52619444478_o\" \/><\/figure><\/div><div class=\"swiper-slide\" role=\"group\" aria-roledescription=\"slide\" aria-label=\"25 of 42\"><figure class=\"swiper-slide-inner\"><img decoding=\"async\" class=\"swiper-slide-image\" src=\"https:\/\/mangolacplp.pt\/wp-content\/uploads\/2023\/01\/tomada-de-posse-do-diretor-executivo-do-iilp-91_52619392425_o-1536x1024.jpg\" alt=\"tomada-de-posse-do-diretor-executivo-do-iilp-91_52619392425_o\" \/><\/figure><\/div><div class=\"swiper-slide\" role=\"group\" aria-roledescription=\"slide\" aria-label=\"26 of 42\"><figure class=\"swiper-slide-inner\"><img decoding=\"async\" class=\"swiper-slide-image\" src=\"https:\/\/mangolacplp.pt\/wp-content\/uploads\/2023\/01\/tomada-de-posse-do-diretor-executivo-do-iilp-92_52619228054_o-1536x1024.jpg\" alt=\"tomada-de-posse-do-diretor-executivo-do-iilp-92_52619228054_o\" \/><\/figure><\/div><div class=\"swiper-slide\" role=\"group\" aria-roledescription=\"slide\" aria-label=\"27 of 42\"><figure class=\"swiper-slide-inner\"><img decoding=\"async\" class=\"swiper-slide-image\" src=\"https:\/\/mangolacplp.pt\/wp-content\/uploads\/2023\/01\/tomada-de-posse-do-diretor-executivo-do-iilp-86_52619228214_o-1536x1024.jpg\" alt=\"tomada-de-posse-do-diretor-executivo-do-iilp-86_52619228214_o\" \/><\/figure><\/div><div class=\"swiper-slide\" role=\"group\" aria-roledescription=\"slide\" aria-label=\"28 of 42\"><figure class=\"swiper-slide-inner\"><img decoding=\"async\" class=\"swiper-slide-image\" src=\"https:\/\/mangolacplp.pt\/wp-content\/uploads\/2023\/01\/tomada-de-posse-do-diretor-executivo-do-iilp-1_52619443473_o-1536x1024.jpg\" alt=\"tomada-de-posse-do-diretor-executivo-do-iilp-1_52619443473_o\" \/><\/figure><\/div><div class=\"swiper-slide\" role=\"group\" aria-roledescription=\"slide\" aria-label=\"29 of 42\"><figure class=\"swiper-slide-inner\"><img decoding=\"async\" class=\"swiper-slide-image\" src=\"https:\/\/mangolacplp.pt\/wp-content\/uploads\/2023\/01\/tomada-de-posse-do-diretor-executivo-do-iilp-103_52619392115_o-1536x1024.jpg\" alt=\"tomada-de-posse-do-diretor-executivo-do-iilp-103_52619392115_o\" \/><\/figure><\/div><div class=\"swiper-slide\" role=\"group\" aria-roledescription=\"slide\" aria-label=\"30 of 42\"><figure class=\"swiper-slide-inner\"><img decoding=\"async\" class=\"swiper-slide-image\" src=\"https:\/\/mangolacplp.pt\/wp-content\/uploads\/2023\/01\/tomada-de-posse-do-diretor-executivo-do-iilp-104_52618959496_o-1536x1024.jpg\" alt=\"tomada-de-posse-do-diretor-executivo-do-iilp-104_52618959496_o\" \/><\/figure><\/div><div class=\"swiper-slide\" role=\"group\" aria-roledescription=\"slide\" aria-label=\"31 of 42\"><figure class=\"swiper-slide-inner\"><img decoding=\"async\" class=\"swiper-slide-image\" src=\"https:\/\/mangolacplp.pt\/wp-content\/uploads\/2023\/01\/tomada-de-posse-do-diretor-executivo-do-iilp-105_52619227644_o-1536x1024.jpg\" alt=\"tomada-de-posse-do-diretor-executivo-do-iilp-105_52619227644_o\" \/><\/figure><\/div><div class=\"swiper-slide\" role=\"group\" aria-roledescription=\"slide\" aria-label=\"32 of 42\"><figure class=\"swiper-slide-inner\"><img decoding=\"async\" class=\"swiper-slide-image\" src=\"https:\/\/mangolacplp.pt\/wp-content\/uploads\/2023\/01\/tomada-de-posse-do-diretor-executivo-do-iilp-106_52619227594_o-1536x1024.jpg\" alt=\"tomada-de-posse-do-diretor-executivo-do-iilp-106_52619227594_o\" \/><\/figure><\/div><div class=\"swiper-slide\" role=\"group\" aria-roledescription=\"slide\" aria-label=\"33 of 42\"><figure class=\"swiper-slide-inner\"><img decoding=\"async\" class=\"swiper-slide-image\" src=\"https:\/\/mangolacplp.pt\/wp-content\/uploads\/2023\/01\/tomada-de-posse-do-diretor-executivo-do-iilp-99_52619227869_o-1536x1024.jpg\" alt=\"tomada-de-posse-do-diretor-executivo-do-iilp-99_52619227869_o\" \/><\/figure><\/div><div class=\"swiper-slide\" role=\"group\" aria-roledescription=\"slide\" aria-label=\"34 of 42\"><figure class=\"swiper-slide-inner\"><img decoding=\"async\" class=\"swiper-slide-image\" src=\"https:\/\/mangolacplp.pt\/wp-content\/uploads\/2023\/01\/tomada-de-posse-do-diretor-executivo-do-iilp-100_52618447852_o-1536x1024.jpg\" alt=\"tomada-de-posse-do-diretor-executivo-do-iilp-100_52618447852_o\" \/><\/figure><\/div><div class=\"swiper-slide\" role=\"group\" aria-roledescription=\"slide\" aria-label=\"35 of 42\"><figure class=\"swiper-slide-inner\"><img decoding=\"async\" class=\"swiper-slide-image\" src=\"https:\/\/mangolacplp.pt\/wp-content\/uploads\/2023\/01\/tomada-de-posse-do-diretor-executivo-do-iilp-101_52618959616_o-1536x1024.jpg\" alt=\"tomada-de-posse-do-diretor-executivo-do-iilp-101_52618959616_o\" \/><\/figure><\/div><div class=\"swiper-slide\" role=\"group\" aria-roledescription=\"slide\" aria-label=\"36 of 42\"><figure class=\"swiper-slide-inner\"><img decoding=\"async\" class=\"swiper-slide-image\" src=\"https:\/\/mangolacplp.pt\/wp-content\/uploads\/2023\/01\/tomada-de-posse-do-diretor-executivo-do-iilp-102_52618959566_o-1536x1024.jpg\" alt=\"tomada-de-posse-do-diretor-executivo-do-iilp-102_52618959566_o\" \/><\/figure><\/div><div class=\"swiper-slide\" role=\"group\" aria-roledescription=\"slide\" aria-label=\"37 of 42\"><figure class=\"swiper-slide-inner\"><img decoding=\"async\" class=\"swiper-slide-image\" src=\"https:\/\/mangolacplp.pt\/wp-content\/uploads\/2023\/01\/tomada-de-posse-do-diretor-executivo-do-iilp-93_52618447132_o-1536x1024.jpg\" alt=\"tomada-de-posse-do-diretor-executivo-do-iilp-93_52618447132_o\" \/><\/figure><\/div><div class=\"swiper-slide\" role=\"group\" aria-roledescription=\"slide\" aria-label=\"38 of 42\"><figure class=\"swiper-slide-inner\"><img decoding=\"async\" class=\"swiper-slide-image\" src=\"https:\/\/mangolacplp.pt\/wp-content\/uploads\/2023\/01\/tomada-de-posse-do-diretor-executivo-do-iilp-94_52618448012_o-1536x1024.jpg\" alt=\"tomada-de-posse-do-diretor-executivo-do-iilp-94_52618448012_o\" \/><\/figure><\/div><div class=\"swiper-slide\" role=\"group\" aria-roledescription=\"slide\" aria-label=\"39 of 42\"><figure class=\"swiper-slide-inner\"><img decoding=\"async\" class=\"swiper-slide-image\" src=\"https:\/\/mangolacplp.pt\/wp-content\/uploads\/2023\/01\/tomada-de-posse-do-diretor-executivo-do-iilp-95_52619392310_o-1536x1024.jpg\" alt=\"tomada-de-posse-do-diretor-executivo-do-iilp-95_52619392310_o\" \/><\/figure><\/div><div class=\"swiper-slide\" role=\"group\" aria-roledescription=\"slide\" aria-label=\"40 of 42\"><figure class=\"swiper-slide-inner\"><img decoding=\"async\" class=\"swiper-slide-image\" src=\"https:\/\/mangolacplp.pt\/wp-content\/uploads\/2023\/01\/tomada-de-posse-do-diretor-executivo-do-iilp-96_52618959766_o-1536x1024.jpg\" alt=\"tomada-de-posse-do-diretor-executivo-do-iilp-96_52618959766_o\" \/><\/figure><\/div><div class=\"swiper-slide\" role=\"group\" aria-roledescription=\"slide\" aria-label=\"41 of 42\"><figure class=\"swiper-slide-inner\"><img decoding=\"async\" class=\"swiper-slide-image\" src=\"https:\/\/mangolacplp.pt\/wp-content\/uploads\/2023\/01\/tomada-de-posse-do-diretor-executivo-do-iilp-97_52619227914_o-1536x1024.jpg\" alt=\"tomada-de-posse-do-diretor-executivo-do-iilp-97_52619227914_o\" \/><\/figure><\/div><div class=\"swiper-slide\" role=\"group\" aria-roledescription=\"slide\" aria-label=\"42 of 42\"><figure class=\"swiper-slide-inner\"><img decoding=\"async\" class=\"swiper-slide-image\" src=\"https:\/\/mangolacplp.pt\/wp-content\/uploads\/2023\/01\/tomada-de-posse-do-diretor-executivo-do-iilp-98_52618959751_o-1536x1024.jpg\" alt=\"tomada-de-posse-do-diretor-executivo-do-iilp-98_52618959751_o\" \/><\/figure><\/div>\t\t\t<\/div>\n\t\t\t\t\t\t\t\t\t\t\t\t<div class=\"elementor-swiper-button elementor-swiper-button-prev\" role=\"button\" tabindex=\"0\">\n\t\t\t\t\t\t<i aria-hidden=\"true\" class=\"eicon-chevron-left\"><\/i>\t\t\t\t\t<\/div>\n\t\t\t\t\t<div class=\"elementor-swiper-button elementor-swiper-button-next\" role=\"button\" tabindex=\"0\">\n\t\t\t\t\t\t<i aria-hidden=\"true\" class=\"eicon-chevron-right\"><\/i>\t\t\t\t\t<\/div>\n\t\t\t\t\n\t\t\t\t\t\t\t\t\t<\/div>\n\t\t\t\t\t\t<\/div>\n\t\t\t\t<\/div>\n\t\t\t\t\t<\/div>\n\t\t<\/div>\n\t\t\t\t\t<\/div>\n\t\t<\/section>\n\t\t\t\t\t<\/div>\n\t\t<\/div>\n\t\t\t\t\t<\/div>\n\t\t<\/section>\n\t\t\t\t<\/div>\n\t\t","protected":false},"excerpt":{"rendered":"<p>Na sede da CPLP, decorreu a cerim\u00f3nia de tomada de posse do novo Director Executivo do Instituto Internacional da L\u00edngua Portuguesa (IILP). Ap\u00f3s as interven\u00e7\u00f5es do Secret\u00e1rio Executivo da CPLP, Zacarias da Costa, do Representante Permanente de Angola junto da CPLP\/ Presid\u00eancia em exerc\u00edcio da CPLP, Oliveira Encoge, e do Secret\u00e1rio de Estado dos Neg\u00f3cios [&hellip;]<\/p>\n","protected":false},"author":1,"featured_media":3096,"comment_status":"open","ping_status":"open","sticky":false,"template":"","format":"standard","meta":{"om_disable_all_campaigns":false,"_monsterinsights_skip_tracking":false,"_monsterinsights_sitenote_active":false,"_monsterinsights_sitenote_note":"","_monsterinsights_sitenote_category":0,"cybocfi_hide_featured_image":"yes","footnotes":"","beyondwords_generate_audio":"","beyondwords_integration_method":"","beyondwords_project_id":"","beyondwords_content_id":"","beyondwords_preview_token":"","beyondwords_player_content":"","beyondwords_player_style":"","beyondwords_language_code":"","beyondwords_language_id":"","beyondwords_title_voice_id":"","beyondwords_body_voice_id":"","beyondwords_summary_voice_id":"","beyondwords_error_message":"","beyondwords_disabled":"","beyondwords_delete_content":"","beyondwords_podcast_id":"","beyondwords_hash":"","publish_post_to_speechkit":"","speechkit_hash":"","speechkit_generate_audio":"","speechkit_project_id":"","speechkit_podcast_id":"","speechkit_error_message":"","speechkit_disabled":"","speechkit_access_key":"","speechkit_error":"","speechkit_info":"","speechkit_response":"","speechkit_retries":"","speechkit_status":"","speechkit_updated_at":"","_speechkit_link":"","_speechkit_text":""},"categories":[38],"tags":[],"class_list":["post-3035","post","type-post","status-publish","format-standard","has-post-thumbnail","hentry","category-lingua-portuguesa-e-cultura"],"aioseo_notices":[],"_links":{"self":[{"href":"https:\/\/mangolacplp.pt\/index.php?rest_route=\/wp\/v2\/posts\/3035","targetHints":{"allow":["GET"]}}],"collection":[{"href":"https:\/\/mangolacplp.pt\/index.php?rest_route=\/wp\/v2\/posts"}],"about":[{"href":"https:\/\/mangolacplp.pt\/index.php?rest_route=\/wp\/v2\/types\/post"}],"author":[{"embeddable":true,"href":"https:\/\/mangolacplp.pt\/index.php?rest_route=\/wp\/v2\/users\/1"}],"replies":[{"embeddable":true,"href":"https:\/\/mangolacplp.pt\/index.php?rest_route=%2Fwp%2Fv2%2Fcomments&post=3035"}],"version-history":[{"count":0,"href":"https:\/\/mangolacplp.pt\/index.php?rest_route=\/wp\/v2\/posts\/3035\/revisions"}],"wp:featuredmedia":[{"embeddable":true,"href":"https:\/\/mangolacplp.pt\/index.php?rest_route=\/wp\/v2\/media\/3096"}],"wp:attachment":[{"href":"https:\/\/mangolacplp.pt\/index.php?rest_route=%2Fwp%2Fv2%2Fmedia&parent=3035"}],"wp:term":[{"taxonomy":"category","embeddable":true,"href":"https:\/\/mangolacplp.pt\/index.php?rest_route=%2Fwp%2Fv2%2Fcategories&post=3035"},{"taxonomy":"post_tag","embeddable":true,"href":"https:\/\/mangolacplp.pt\/index.php?rest_route=%2Fwp%2Fv2%2Ftags&post=3035"}],"curies":[{"name":"wp","href":"https:\/\/api.w.org\/{rel}","templated":true}]}}