{"id":4659,"date":"2022-02-18T16:05:17","date_gmt":"2022-02-18T16:05:17","guid":{"rendered":"https:\/\/mangolacplp.pt\/?p=4659"},"modified":"2023-06-27T16:20:24","modified_gmt":"2023-06-27T16:20:24","slug":"reuniao-constitutiva-do-forum-das-agencias-de-promocao-do-comercio-e-investimento-da-cplp","status":"publish","type":"post","link":"https:\/\/mangolacplp.pt\/?p=4659","title":{"rendered":"Reuni\u00e3o Constitutiva do F\u00f3rum das Ag\u00eancias de Promo\u00e7\u00e3o do Com\u00e9rcio e Investimento da CPLP"},"content":{"rendered":"\t\t<div data-elementor-type=\"wp-post\" data-elementor-id=\"4659\" class=\"elementor elementor-4659\">\n\t\t\t\t\t\t<section class=\"elementor-section elementor-top-section elementor-element elementor-element-6b3471d elementor-section-boxed elementor-section-height-default elementor-section-height-default\" data-id=\"6b3471d\" data-element_type=\"section\" data-e-type=\"section\">\n\t\t\t\t\t\t<div class=\"elementor-container elementor-column-gap-default\">\n\t\t\t\t\t<div class=\"elementor-column elementor-col-50 elementor-top-column elementor-element elementor-element-66325d0\" data-id=\"66325d0\" data-element_type=\"column\" data-e-type=\"column\">\n\t\t\t<div class=\"elementor-widget-wrap elementor-element-populated\">\n\t\t\t\t\t\t<div class=\"elementor-element elementor-element-06341c2 elementor-widget elementor-widget-text-editor\" data-id=\"06341c2\" data-element_type=\"widget\" data-e-type=\"widget\" data-widget_type=\"text-editor.default\">\n\t\t\t\t<div class=\"elementor-widget-container\">\n\t\t\t\t\t\t\t\t\t<p>O F\u00f3rum das Ag\u00eancias de Promo\u00e7\u00e3o do Com\u00e9rcio e de Investimento da Comunidade de Pa\u00edses de L\u00edngua Portuguesa (CPLP), foi sexta-feira (18), ratificado, em Luanda, e constitui um dos principais instrumentos para a dinamiza\u00e7\u00e3o da coopera\u00e7\u00e3o econ\u00f3mica entre os Estados-membros, para a transforma\u00e7\u00e3o do espa\u00e7o num importante bloco econ\u00f3mico.<\/p><p>A cria\u00e7\u00e3o do F\u00f3rum das Ag\u00eancias de Promo\u00e7\u00e3o do Com\u00e9rcio e de Investimento da CPLP tende a viabilizar o acesso das empresas da comunidade aos mercados regionais, com a potencial perspectiva de implementa\u00e7\u00e3o da Zona Livre de Com\u00e9rcio.<\/p>\t\t\t\t\t\t\t\t<\/div>\n\t\t\t\t<\/div>\n\t\t\t\t\t<\/div>\n\t\t<\/div>\n\t\t\t\t<div class=\"elementor-column elementor-col-50 elementor-top-column elementor-element elementor-element-5d21fa9\" data-id=\"5d21fa9\" data-element_type=\"column\" data-e-type=\"column\">\n\t\t\t<div class=\"elementor-widget-wrap elementor-element-populated\">\n\t\t\t\t\t\t<div class=\"elementor-element elementor-element-29e91d1 elementor-widget elementor-widget-image\" data-id=\"29e91d1\" data-element_type=\"widget\" data-e-type=\"widget\" data-widget_type=\"image.default\">\n\t\t\t\t<div class=\"elementor-widget-container\">\n\t\t\t\t\t\t\t\t\t\t\t\t\t\t\t<img fetchpriority=\"high\" decoding=\"async\" width=\"640\" height=\"427\" src=\"https:\/\/mangolacplp.pt\/wp-content\/uploads\/2023\/06\/RE35681-768x512.jpg\" class=\"attachment-medium_large size-medium_large wp-image-4662\" alt=\"\" srcset=\"https:\/\/mangolacplp.pt\/wp-content\/uploads\/2023\/06\/RE35681-768x512.jpg 768w, https:\/\/mangolacplp.pt\/wp-content\/uploads\/2023\/06\/RE35681-300x200.jpg 300w, https:\/\/mangolacplp.pt\/wp-content\/uploads\/2023\/06\/RE35681-1024x683.jpg 1024w, https:\/\/mangolacplp.pt\/wp-content\/uploads\/2023\/06\/RE35681-1536x1024.jpg 1536w, https:\/\/mangolacplp.pt\/wp-content\/uploads\/2023\/06\/RE35681-2048x1365.jpg 2048w\" sizes=\"(max-width: 640px) 100vw, 640px\" \/>\t\t\t\t\t\t\t\t\t\t\t\t\t\t\t<\/div>\n\t\t\t\t<\/div>\n\t\t\t\t\t<\/div>\n\t\t<\/div>\n\t\t\t\t\t<\/div>\n\t\t<\/section>\n\t\t\t\t<section class=\"elementor-section elementor-top-section elementor-element elementor-element-fb2f492 elementor-section-boxed elementor-section-height-default elementor-section-height-default\" data-id=\"fb2f492\" data-element_type=\"section\" data-e-type=\"section\">\n\t\t\t\t\t\t<div class=\"elementor-container elementor-column-gap-default\">\n\t\t\t\t\t<div class=\"elementor-column elementor-col-50 elementor-top-column elementor-element elementor-element-e235358\" data-id=\"e235358\" data-element_type=\"column\" data-e-type=\"column\">\n\t\t\t<div class=\"elementor-widget-wrap elementor-element-populated\">\n\t\t\t\t\t\t<div class=\"elementor-element elementor-element-5cd53c8 elementor-widget elementor-widget-text-editor\" data-id=\"5cd53c8\" data-element_type=\"widget\" data-e-type=\"widget\" data-widget_type=\"text-editor.default\">\n\t\t\t\t<div class=\"elementor-widget-container\">\n\t\t\t\t\t\t\t\t\t<p>Essa antevis\u00e3o foi feita pelos signat\u00e1rios e observadores presentes na Reuni\u00e3o Constitutiva do referido F\u00f3rum, que decorreu ontem de forma presencial e virtual, no audit\u00f3rio da Ag\u00eancia de Investimento Privado e Promo\u00e7\u00e3o das Exporta\u00e7\u00f5es (AIPEX). Os protocolos foram rubricados pelos representantes das ag\u00eancias hom\u00f3logas de Angola, Guin\u00e9-bissau e S\u00e3o Tom\u00e9 e Pr\u00edncipe, com o parecer positivo dos seis Estados-membros ausentes.<\/p>\n<p>Os protocolos devem, ainda, ser rubricados pelos titulares das ag\u00eancias dos distintos Estados-membros, ao longo das pr\u00f3ximas semanas, por for\u00e7a das medidas restritivas, que impossibilitaram a presen\u00e7a em Angola dos representantes de Portugal, Brasil, Mo\u00e7ambique, Cabo Verde e Timor Leste, que se fizeram representar no acto pelos respectivos embaixadores e membros das miss\u00f5es diplom\u00e1ticas.<\/p>\t\t\t\t\t\t\t\t<\/div>\n\t\t\t\t<\/div>\n\t\t\t\t\t<\/div>\n\t\t<\/div>\n\t\t\t\t<div class=\"elementor-column elementor-col-50 elementor-top-column elementor-element elementor-element-1527595\" data-id=\"1527595\" data-element_type=\"column\" data-e-type=\"column\">\n\t\t\t<div class=\"elementor-widget-wrap elementor-element-populated\">\n\t\t\t\t\t\t<div class=\"elementor-element elementor-element-9643e1b elementor-widget elementor-widget-image\" data-id=\"9643e1b\" data-element_type=\"widget\" data-e-type=\"widget\" data-widget_type=\"image.default\">\n\t\t\t\t<div class=\"elementor-widget-container\">\n\t\t\t\t\t\t\t\t\t\t\t\t\t\t\t<img decoding=\"async\" width=\"640\" height=\"427\" src=\"https:\/\/mangolacplp.pt\/wp-content\/uploads\/2023\/06\/REUNIO2-1-768x512.jpg\" class=\"attachment-medium_large size-medium_large wp-image-4660\" alt=\"\" srcset=\"https:\/\/mangolacplp.pt\/wp-content\/uploads\/2023\/06\/REUNIO2-1-768x512.jpg 768w, https:\/\/mangolacplp.pt\/wp-content\/uploads\/2023\/06\/REUNIO2-1-300x200.jpg 300w, https:\/\/mangolacplp.pt\/wp-content\/uploads\/2023\/06\/REUNIO2-1-1024x683.jpg 1024w, https:\/\/mangolacplp.pt\/wp-content\/uploads\/2023\/06\/REUNIO2-1-1536x1024.jpg 1536w, https:\/\/mangolacplp.pt\/wp-content\/uploads\/2023\/06\/REUNIO2-1-2048x1365.jpg 2048w\" sizes=\"(max-width: 640px) 100vw, 640px\" \/>\t\t\t\t\t\t\t\t\t\t\t\t\t\t\t<\/div>\n\t\t\t\t<\/div>\n\t\t\t\t\t<\/div>\n\t\t<\/div>\n\t\t\t\t\t<\/div>\n\t\t<\/section>\n\t\t\t\t<section class=\"elementor-section elementor-top-section elementor-element elementor-element-ca3dfa9 elementor-section-boxed elementor-section-height-default elementor-section-height-default\" data-id=\"ca3dfa9\" data-element_type=\"section\" data-e-type=\"section\">\n\t\t\t\t\t\t<div class=\"elementor-container elementor-column-gap-default\">\n\t\t\t\t\t<div class=\"elementor-column elementor-col-50 elementor-top-column elementor-element elementor-element-c969702\" data-id=\"c969702\" data-element_type=\"column\" data-e-type=\"column\">\n\t\t\t<div class=\"elementor-widget-wrap elementor-element-populated\">\n\t\t\t\t\t\t<div class=\"elementor-element elementor-element-9622d32 elementor-widget elementor-widget-text-editor\" data-id=\"9622d32\" data-element_type=\"widget\" data-e-type=\"widget\" data-widget_type=\"text-editor.default\">\n\t\t\t\t<div class=\"elementor-widget-container\">\n\t\t\t\t\t\t\t\t\t<p><span style=\"color: var( --e-global-color-text ); font-family: var( --e-global-typography-text-font-family ), Sans-serif; font-weight: var( --e-global-typography-text-font-weight );\">O diplomata angolano Alves Primo, que representou o ministro das Rela\u00e7\u00f5es Exteriores, disse que a materializa\u00e7\u00e3o do F\u00f3rum tem a sua g\u00e9nese &#8220;nos princ\u00edpios orientadores da cria\u00e7\u00e3o da CPLP, reflectidos no compromisso assumido pelos chefes de Estado e de Governo de refor\u00e7ar os la\u00e7os de solidariedade e de coopera\u00e7\u00e3o, conjugando com iniciativas para a promo\u00e7\u00e3o do desenvolvimento econ\u00f3mico e social dos seus povos e a progressiva integra\u00e7\u00e3o internacional dos Estados-membros\u201d.<\/span><\/p>\t\t\t\t\t\t\t\t<\/div>\n\t\t\t\t<\/div>\n\t\t\t\t\t<\/div>\n\t\t<\/div>\n\t\t\t\t<div class=\"elementor-column elementor-col-50 elementor-top-column elementor-element elementor-element-f6aebf5\" data-id=\"f6aebf5\" data-element_type=\"column\" data-e-type=\"column\">\n\t\t\t<div class=\"elementor-widget-wrap elementor-element-populated\">\n\t\t\t\t\t\t<div class=\"elementor-element elementor-element-2c7da09 elementor-widget elementor-widget-image\" data-id=\"2c7da09\" data-element_type=\"widget\" data-e-type=\"widget\" data-widget_type=\"image.default\">\n\t\t\t\t<div class=\"elementor-widget-container\">\n\t\t\t\t\t\t\t\t\t\t\t\t\t\t\t<img decoding=\"async\" width=\"640\" height=\"427\" src=\"https:\/\/mangolacplp.pt\/wp-content\/uploads\/2022\/02\/RE9DD91-768x512.jpg\" class=\"attachment-medium_large size-medium_large wp-image-4663\" alt=\"\" srcset=\"https:\/\/mangolacplp.pt\/wp-content\/uploads\/2022\/02\/RE9DD91-768x512.jpg 768w, https:\/\/mangolacplp.pt\/wp-content\/uploads\/2022\/02\/RE9DD91-300x200.jpg 300w, https:\/\/mangolacplp.pt\/wp-content\/uploads\/2022\/02\/RE9DD91-1024x683.jpg 1024w, https:\/\/mangolacplp.pt\/wp-content\/uploads\/2022\/02\/RE9DD91-1536x1024.jpg 1536w, https:\/\/mangolacplp.pt\/wp-content\/uploads\/2022\/02\/RE9DD91-2048x1365.jpg 2048w\" sizes=\"(max-width: 640px) 100vw, 640px\" \/>\t\t\t\t\t\t\t\t\t\t\t\t\t\t\t<\/div>\n\t\t\t\t<\/div>\n\t\t\t\t\t<\/div>\n\t\t<\/div>\n\t\t\t\t\t<\/div>\n\t\t<\/section>\n\t\t\t\t<section class=\"elementor-section elementor-top-section elementor-element elementor-element-4c135ef elementor-section-boxed elementor-section-height-default elementor-section-height-default\" data-id=\"4c135ef\" data-element_type=\"section\" data-e-type=\"section\">\n\t\t\t\t\t\t<div class=\"elementor-container elementor-column-gap-default\">\n\t\t\t\t\t<div class=\"elementor-column elementor-col-50 elementor-top-column elementor-element elementor-element-a4e1ded\" data-id=\"a4e1ded\" data-element_type=\"column\" data-e-type=\"column\">\n\t\t\t<div class=\"elementor-widget-wrap elementor-element-populated\">\n\t\t\t\t\t\t<div class=\"elementor-element elementor-element-8da3b27 elementor-widget elementor-widget-text-editor\" data-id=\"8da3b27\" data-element_type=\"widget\" data-e-type=\"widget\" data-widget_type=\"text-editor.default\">\n\t\t\t\t<div class=\"elementor-widget-container\">\n\t\t\t\t\t\t\t\t\t<p>O presidente eleito do F\u00f3rum, Ant\u00f3nio Henriques, que representa Angola, observou que a nova institui\u00e7\u00e3o comunit\u00e1ria expressa a vontade inequ\u00edvoca do estabelecimento de uma parceria estrat\u00e9gica entre os pa\u00edses membros da CPLP e lan\u00e7a um desafio para a cria\u00e7\u00e3o de uma plataforma que seja a tradu\u00e7\u00e3o fiel de uma vontade manifestada pelo seus integrantes, de se criar uma agenda focada para a coopera\u00e7\u00e3o econ\u00f3mica.<\/p>\t\t\t\t\t\t\t\t<\/div>\n\t\t\t\t<\/div>\n\t\t\t\t\t<\/div>\n\t\t<\/div>\n\t\t\t\t<div class=\"elementor-column elementor-col-50 elementor-top-column elementor-element elementor-element-2414886\" data-id=\"2414886\" data-element_type=\"column\" data-e-type=\"column\">\n\t\t\t<div class=\"elementor-widget-wrap elementor-element-populated\">\n\t\t\t\t\t\t<div class=\"elementor-element elementor-element-ce50a11 elementor-widget elementor-widget-image\" data-id=\"ce50a11\" data-element_type=\"widget\" data-e-type=\"widget\" data-widget_type=\"image.default\">\n\t\t\t\t<div class=\"elementor-widget-container\">\n\t\t\t\t\t\t\t\t\t\t\t\t\t\t\t<img loading=\"lazy\" decoding=\"async\" width=\"96\" height=\"300\" src=\"https:\/\/mangolacplp.pt\/wp-content\/uploads\/2022\/02\/1-96x300.jpg\" class=\"attachment-medium size-medium wp-image-4664\" alt=\"\" srcset=\"https:\/\/mangolacplp.pt\/wp-content\/uploads\/2022\/02\/1-96x300.jpg 96w, https:\/\/mangolacplp.pt\/wp-content\/uploads\/2022\/02\/1-328x1024.jpg 328w, https:\/\/mangolacplp.pt\/wp-content\/uploads\/2022\/02\/1.jpg 460w\" sizes=\"(max-width: 96px) 100vw, 96px\" \/>\t\t\t\t\t\t\t\t\t\t\t\t\t\t\t<\/div>\n\t\t\t\t<\/div>\n\t\t\t\t\t<\/div>\n\t\t<\/div>\n\t\t\t\t\t<\/div>\n\t\t<\/section>\n\t\t\t\t<section class=\"elementor-section elementor-top-section elementor-element elementor-element-015977a elementor-section-boxed elementor-section-height-default elementor-section-height-default\" data-id=\"015977a\" data-element_type=\"section\" data-e-type=\"section\">\n\t\t\t\t\t\t<div class=\"elementor-container elementor-column-gap-default\">\n\t\t\t\t\t<div class=\"elementor-column elementor-col-50 elementor-top-column elementor-element elementor-element-529e2b9\" data-id=\"529e2b9\" data-element_type=\"column\" data-e-type=\"column\">\n\t\t\t<div class=\"elementor-widget-wrap elementor-element-populated\">\n\t\t\t\t\t\t<div class=\"elementor-element elementor-element-6a92fb2 elementor-widget elementor-widget-text-editor\" data-id=\"6a92fb2\" data-element_type=\"widget\" data-e-type=\"widget\" data-widget_type=\"text-editor.default\">\n\t\t\t\t<div class=\"elementor-widget-container\">\n\t\t\t\t\t\t\t\t\t<p><strong>Potencialidades<\/strong><\/p><p>A taxa demogr\u00e1fica da comunidade, de cerca de 270 milh\u00f5es de pessoas, com a estimativa de atingir 500 milh\u00f5es, at\u00e9 ao final do s\u00e9culo, a inser\u00e7\u00e3o em diferentes regi\u00f5es e a abund\u00e2ncia de recursos naturais s\u00e3o alguns indicadores da viabilidade do F\u00f3rum das Ag\u00eancias de Promo\u00e7\u00e3o do Com\u00e9rcio e de Investimento, segundo o secret\u00e1rio-geral da CPLP, Armindo Fernandes.<\/p><p>Ao discursar na cerim\u00f3nia, Armindo Fernandes destacou o facto de a l\u00edngua portuguesa constar entre as cinco mais faladas no mundo e a primeira mais falada no hemisf\u00e9rio Sul, ainda que a sua utiliza\u00e7\u00e3o na internet esteja em franca ascens\u00e3o, apesar de ser a l\u00edngua de trabalho de mais de 30 organiza\u00e7\u00f5es internacionais.<\/p><p>Os membros da CPLP, frisou Armindo Fernandes, representam 8,0 por cento da superf\u00edcie continental do planeta, mais de 50 por cento das novas descobertas dos recursos energ\u00e9ticos ocorridos desde o in\u00edcio do s\u00e9culo XXI, quarto lugar na produ\u00e7\u00e3o mundial de petr\u00f3leo, al\u00e9m de terem uma vasta plataforma continental, com abundantes recursos marinhos e minerais, ao mesmo tempo que representam 14 por cento das reservas minerais de \u00e1gua doce do mundo.<\/p>\t\t\t\t\t\t\t\t<\/div>\n\t\t\t\t<\/div>\n\t\t\t\t\t<\/div>\n\t\t<\/div>\n\t\t\t\t<div class=\"elementor-column elementor-col-50 elementor-top-column elementor-element elementor-element-21fa365\" data-id=\"21fa365\" data-element_type=\"column\" data-e-type=\"column\">\n\t\t\t<div class=\"elementor-widget-wrap elementor-element-populated\">\n\t\t\t\t\t\t<div class=\"elementor-element elementor-element-9705389 elementor-widget elementor-widget-text-editor\" data-id=\"9705389\" data-element_type=\"widget\" data-e-type=\"widget\" data-widget_type=\"text-editor.default\">\n\t\t\t\t<div class=\"elementor-widget-container\">\n\t\t\t\t\t\t\t\t\t<p>&#8220;A perten\u00e7a dos Estados-membros nas regi\u00f5es geogr\u00e1ficas distintas em processo de integra\u00e7\u00e3o econ\u00f3mica oferece tamb\u00e9m \u00e0 CPLP a possibilidade de se estabelecer como uma plataforma estrat\u00e9gica de concerta\u00e7\u00e3o pluri-continental, que se estende do Atl\u00e2ntico ao Pac\u00edfico, criando valiosas oportunidades de coopera\u00e7\u00e3o, apesar da descontinuidade territorial dos seus pa\u00edses, incluindo o incremento da exposi\u00e7\u00e3o das empresas, de forma a aproveitarem as oportunidades de neg\u00f3cios e se tornarem cada vez mais robustas\u201d, disse.<br \/>O director-geral da CPLP considera ser de interesse de toda a comunidade a adop\u00e7\u00e3o de iniciativas promotoras do empreendedorismo, da inova\u00e7\u00e3o e do desenvolvimento industrial e tecnol\u00f3gico no espa\u00e7o comunit\u00e1rio.<\/p><p>&#8220;Este F\u00f3rum ser\u00e1 um dos primeiros operadores na agenda estrat\u00e9gica da CPLP, para o refor\u00e7o da coopera\u00e7\u00e3o econ\u00f3mica, pois, a sua ac\u00e7\u00e3o beneficiar\u00e1 a capacidade operacional e o alcance das ag\u00eancias nacionais, pela intensifica\u00e7\u00e3o da partilha de informa\u00e7\u00e3o e a implementa\u00e7\u00e3o de iniciativas conjuntas\u201d, destacou.<\/p><p>Armindo Fernandes recordou que est\u00e1 em curso o trabalho t\u00e9cnico e preparat\u00f3rio da primeira Reuni\u00e3o de ministros da Economia, Com\u00e9rcio e das Finan\u00e7as, a decorrer em Abril pr\u00f3ximo, em Luanda.<\/p>\t\t\t\t\t\t\t\t<\/div>\n\t\t\t\t<\/div>\n\t\t\t\t\t<\/div>\n\t\t<\/div>\n\t\t\t\t\t<\/div>\n\t\t<\/section>\n\t\t\t\t<\/div>\n\t\t","protected":false},"excerpt":{"rendered":"<p>O F\u00f3rum das Ag\u00eancias de Promo\u00e7\u00e3o do Com\u00e9rcio e de Investimento da Comunidade de Pa\u00edses de L\u00edngua Portuguesa (CPLP), foi sexta-feira (18), ratificado, em Luanda, e constitui um dos principais instrumentos para a dinamiza\u00e7\u00e3o da coopera\u00e7\u00e3o econ\u00f3mica entre os Estados-membros, para a transforma\u00e7\u00e3o do espa\u00e7o num importante bloco econ\u00f3mico. A cria\u00e7\u00e3o do F\u00f3rum das Ag\u00eancias [&hellip;]<\/p>\n","protected":false},"author":1,"featured_media":4660,"comment_status":"open","ping_status":"open","sticky":false,"template":"","format":"standard","meta":{"om_disable_all_campaigns":false,"_monsterinsights_skip_tracking":false,"_monsterinsights_sitenote_active":false,"_monsterinsights_sitenote_note":"","_monsterinsights_sitenote_category":0,"cybocfi_hide_featured_image":"yes","footnotes":"","beyondwords_generate_audio":"","beyondwords_integration_method":"","beyondwords_project_id":"","beyondwords_content_id":"","beyondwords_preview_token":"","beyondwords_player_content":"","beyondwords_player_style":"","beyondwords_language_code":"","beyondwords_language_id":"","beyondwords_title_voice_id":"","beyondwords_body_voice_id":"","beyondwords_summary_voice_id":"","beyondwords_error_message":"","beyondwords_disabled":"","beyondwords_delete_content":"","beyondwords_podcast_id":"","beyondwords_hash":"","publish_post_to_speechkit":"","speechkit_hash":"","speechkit_generate_audio":"","speechkit_project_id":"","speechkit_podcast_id":"","speechkit_error_message":"","speechkit_disabled":"","speechkit_access_key":"","speechkit_error":"","speechkit_info":"","speechkit_response":"","speechkit_retries":"","speechkit_status":"","speechkit_updated_at":"","_speechkit_link":"","_speechkit_text":""},"categories":[3,40],"tags":[],"class_list":["post-4659","post","type-post","status-publish","format-standard","has-post-thumbnail","hentry","category-angola","category-investimento"],"aioseo_notices":[],"_links":{"self":[{"href":"https:\/\/mangolacplp.pt\/index.php?rest_route=\/wp\/v2\/posts\/4659","targetHints":{"allow":["GET"]}}],"collection":[{"href":"https:\/\/mangolacplp.pt\/index.php?rest_route=\/wp\/v2\/posts"}],"about":[{"href":"https:\/\/mangolacplp.pt\/index.php?rest_route=\/wp\/v2\/types\/post"}],"author":[{"embeddable":true,"href":"https:\/\/mangolacplp.pt\/index.php?rest_route=\/wp\/v2\/users\/1"}],"replies":[{"embeddable":true,"href":"https:\/\/mangolacplp.pt\/index.php?rest_route=%2Fwp%2Fv2%2Fcomments&post=4659"}],"version-history":[{"count":0,"href":"https:\/\/mangolacplp.pt\/index.php?rest_route=\/wp\/v2\/posts\/4659\/revisions"}],"wp:featuredmedia":[{"embeddable":true,"href":"https:\/\/mangolacplp.pt\/index.php?rest_route=\/wp\/v2\/media\/4660"}],"wp:attachment":[{"href":"https:\/\/mangolacplp.pt\/index.php?rest_route=%2Fwp%2Fv2%2Fmedia&parent=4659"}],"wp:term":[{"taxonomy":"category","embeddable":true,"href":"https:\/\/mangolacplp.pt\/index.php?rest_route=%2Fwp%2Fv2%2Fcategories&post=4659"},{"taxonomy":"post_tag","embeddable":true,"href":"https:\/\/mangolacplp.pt\/index.php?rest_route=%2Fwp%2Fv2%2Ftags&post=4659"}],"curies":[{"name":"wp","href":"https:\/\/api.w.org\/{rel}","templated":true}]}}