{"id":5879,"date":"2023-09-02T15:39:29","date_gmt":"2023-09-02T15:39:29","guid":{"rendered":"https:\/\/mangolacplp.pt\/?p=5879"},"modified":"2023-09-08T22:12:27","modified_gmt":"2023-09-08T22:12:27","slug":"angola-participa-na-cimeira-do-g-77china-em-havana","status":"publish","type":"post","link":"https:\/\/mangolacplp.pt\/?p=5879","title":{"rendered":"Angola participa na Cimeira do G-77+China em Havana"},"content":{"rendered":"\t\t<div data-elementor-type=\"wp-post\" data-elementor-id=\"5879\" class=\"elementor elementor-5879\">\n\t\t\t\t\t\t<section class=\"elementor-section elementor-top-section elementor-element elementor-element-6deeefe elementor-section-boxed elementor-section-height-default elementor-section-height-default\" data-id=\"6deeefe\" data-element_type=\"section\" data-e-type=\"section\">\n\t\t\t\t\t\t<div class=\"elementor-container elementor-column-gap-default\">\n\t\t\t\t\t<div class=\"elementor-column elementor-col-50 elementor-top-column elementor-element elementor-element-6736d2e\" data-id=\"6736d2e\" data-element_type=\"column\" data-e-type=\"column\">\n\t\t\t<div class=\"elementor-widget-wrap elementor-element-populated\">\n\t\t\t\t\t\t<div class=\"elementor-element elementor-element-4d09afa elementor-widget elementor-widget-text-editor\" data-id=\"4d09afa\" data-element_type=\"widget\" data-e-type=\"widget\" data-widget_type=\"text-editor.default\">\n\t\t\t\t<div class=\"elementor-widget-container\">\n\t\t\t\t\t\t\t\t\t<p>A participa\u00e7\u00e3o de Angola na Cimeira do G-77+China, bem como na Sess\u00e3o da Assembleia Geral da Organiza\u00e7\u00e3o das Na\u00e7\u00f5es Unidas (ONU) esteve, sexta-feira, em Luanda, em an\u00e1lise, na reuni\u00e3o preparat\u00f3ria multissectorial, orientada pelo ministro das Rela\u00e7\u00f5es Exteriores, T\u00e9te Ant\u00f3nio.<\/p>\t\t\t\t\t\t\t\t<\/div>\n\t\t\t\t<\/div>\n\t\t\t\t\t<\/div>\n\t\t<\/div>\n\t\t\t\t<div class=\"elementor-column elementor-col-50 elementor-top-column elementor-element elementor-element-6255287\" data-id=\"6255287\" data-element_type=\"column\" data-e-type=\"column\">\n\t\t\t<div class=\"elementor-widget-wrap elementor-element-populated\">\n\t\t\t\t\t\t<div class=\"elementor-element elementor-element-5b45cb9 elementor-widget elementor-widget-image\" data-id=\"5b45cb9\" data-element_type=\"widget\" data-e-type=\"widget\" data-widget_type=\"image.default\">\n\t\t\t\t<div class=\"elementor-widget-container\">\n\t\t\t\t\t\t\t\t\t\t\t\t\t\t\t<img fetchpriority=\"high\" decoding=\"async\" width=\"620\" height=\"355\" src=\"https:\/\/mangolacplp.pt\/wp-content\/uploads\/2023\/09\/7b_78024814364f3525b3d3a5.jpg\" class=\"attachment-large size-large wp-image-5880\" alt=\"\" srcset=\"https:\/\/mangolacplp.pt\/wp-content\/uploads\/2023\/09\/7b_78024814364f3525b3d3a5.jpg 620w, https:\/\/mangolacplp.pt\/wp-content\/uploads\/2023\/09\/7b_78024814364f3525b3d3a5-300x172.jpg 300w\" sizes=\"(max-width: 620px) 100vw, 620px\" \/>\t\t\t\t\t\t\t\t\t\t\t\t\t\t\t<\/div>\n\t\t\t\t<\/div>\n\t\t\t\t\t<\/div>\n\t\t<\/div>\n\t\t\t\t\t<\/div>\n\t\t<\/section>\n\t\t\t\t<section class=\"elementor-section elementor-top-section elementor-element elementor-element-fb09d6c elementor-section-boxed elementor-section-height-default elementor-section-height-default\" data-id=\"fb09d6c\" data-element_type=\"section\" data-e-type=\"section\">\n\t\t\t\t\t\t<div class=\"elementor-container elementor-column-gap-default\">\n\t\t\t\t\t<div class=\"elementor-column elementor-col-50 elementor-top-column elementor-element elementor-element-652da92\" data-id=\"652da92\" data-element_type=\"column\" data-e-type=\"column\">\n\t\t\t<div class=\"elementor-widget-wrap elementor-element-populated\">\n\t\t\t\t\t\t<div class=\"elementor-element elementor-element-ca4526a elementor-widget elementor-widget-text-editor\" data-id=\"ca4526a\" data-element_type=\"widget\" data-e-type=\"widget\" data-widget_type=\"text-editor.default\">\n\t\t\t\t<div class=\"elementor-widget-container\">\n\t\t\t\t\t\t\t\t\t<p>O MIREX informa que a reuni\u00e3o decorreu em formato presencial e virtual, tendo nela participado diplomatas, a ministra do Ensino Superior, Ci\u00eancia, Tecnologia e Inova\u00e7\u00e3o, secret\u00e1rios de Estado para a Sa\u00fade, Finan\u00e7as, Ambiente, Economia e Planeamento e directores nacionais.<\/p><p><br \/>Sobre a Cimeira do G-77+China, os representantes dos distintos departamentos ministeriais, presentes no encontro, foram informados que a mesma vai decorrer sob o lema &#8220;Os Actuais Desafios do Desenvolvimento: o Papel da Ci\u00eancia, da Tecnologia e da Inova\u00e7\u00e3o\u201d.<\/p>\t\t\t\t\t\t\t\t<\/div>\n\t\t\t\t<\/div>\n\t\t\t\t\t<\/div>\n\t\t<\/div>\n\t\t\t\t<div class=\"elementor-column elementor-col-50 elementor-top-column elementor-element elementor-element-09b1514\" data-id=\"09b1514\" data-element_type=\"column\" data-e-type=\"column\">\n\t\t\t<div class=\"elementor-widget-wrap elementor-element-populated\">\n\t\t\t\t\t\t<div class=\"elementor-element elementor-element-9c58388 elementor-widget elementor-widget-text-editor\" data-id=\"9c58388\" data-element_type=\"widget\" data-e-type=\"widget\" data-widget_type=\"text-editor.default\">\n\t\t\t\t<div class=\"elementor-widget-container\">\n\t\t\t\t\t\t\t\t\t<p>De acordo com o comunicado do Minist\u00e9rio das Rela\u00e7\u00f5es Exteriores, a Cimeira do G-77 +China est\u00e1 prevista para os dias 15 e 16 do corrente m\u00eas, em Havana, Cuba, onde o Presidente da Rep\u00fablica, Jo\u00e3o Louren\u00e7o, se vai fazer presente.<\/p><p><br \/>Relativamente \u00e0 78\u00aa Sess\u00e3o da Assembleia Geral da ONU, o evento est\u00e1 agendado para os dias 18 e 26 deste m\u00eas, em Nova Iorque, e ter\u00e1, entre v\u00e1rios objectivos, o de proceder \u00e0 avalia\u00e7\u00e3o da implementa\u00e7\u00e3o da Agenda 2030 para o Desenvolvimento Sustent\u00e1vel, construindo oportunidades decisivas.<\/p>\t\t\t\t\t\t\t\t<\/div>\n\t\t\t\t<\/div>\n\t\t\t\t\t<\/div>\n\t\t<\/div>\n\t\t\t\t\t<\/div>\n\t\t<\/section>\n\t\t\t\t<section class=\"elementor-section elementor-top-section elementor-element elementor-element-778da41 elementor-section-boxed elementor-section-height-default elementor-section-height-default\" data-id=\"778da41\" data-element_type=\"section\" data-e-type=\"section\">\n\t\t\t\t\t\t<div class=\"elementor-container elementor-column-gap-default\">\n\t\t\t\t\t<div class=\"elementor-column elementor-col-100 elementor-top-column elementor-element elementor-element-d49258f\" data-id=\"d49258f\" data-element_type=\"column\" data-e-type=\"column\">\n\t\t\t<div class=\"elementor-widget-wrap elementor-element-populated\">\n\t\t\t\t\t\t<div class=\"elementor-element elementor-element-003717e elementor-widget elementor-widget-text-editor\" data-id=\"003717e\" data-element_type=\"widget\" data-e-type=\"widget\" data-widget_type=\"text-editor.default\">\n\t\t\t\t<div class=\"elementor-widget-container\">\n\t\t\t\t\t\t\t\t\t<p>Na reuni\u00e3o preparat\u00f3ria multissectorial foram apresentadas e discutidas as propostas de assuntos a serem inclu\u00eddas na agenda de Estado a ser abordada na grande tribuna pol\u00edtica mundial.<\/p><p>Ainda na tarde de ontem foi poss\u00edvel receber contribui\u00e7\u00f5es da Representa\u00e7\u00e3o Permanente de Angola em Nova Iorque.<\/p><p>\u00a0<\/p>\t\t\t\t\t\t\t\t<\/div>\n\t\t\t\t<\/div>\n\t\t\t\t\t<\/div>\n\t\t<\/div>\n\t\t\t\t\t<\/div>\n\t\t<\/section>\n\t\t\t\t<section class=\"elementor-section elementor-top-section elementor-element elementor-element-094347b elementor-section-boxed elementor-section-height-default elementor-section-height-default\" data-id=\"094347b\" data-element_type=\"section\" data-e-type=\"section\">\n\t\t\t\t\t\t<div class=\"elementor-container elementor-column-gap-default\">\n\t\t\t\t\t<div class=\"elementor-column elementor-col-50 elementor-top-column elementor-element elementor-element-ae778d5\" data-id=\"ae778d5\" data-element_type=\"column\" data-e-type=\"column\">\n\t\t\t<div class=\"elementor-widget-wrap elementor-element-populated\">\n\t\t\t\t\t\t<div class=\"elementor-element elementor-element-6418871 elementor-widget elementor-widget-text-editor\" data-id=\"6418871\" data-element_type=\"widget\" data-e-type=\"widget\" data-widget_type=\"text-editor.default\">\n\t\t\t\t<div class=\"elementor-widget-container\">\n\t\t\t\t\t\t\t\t\t<p>Constam ainda as contribui\u00e7\u00f5es vindas da Representa\u00e7\u00e3o em Genebra, \u00c1ustria, da Uni\u00e3o Africana, em Addis Abeba, e do embaixador Oliveira Encoge, que representa Angola junto da CPLP, em Lisboa, Rep\u00fablica Portuguesa.<\/p>\t\t\t\t\t\t\t\t<\/div>\n\t\t\t\t<\/div>\n\t\t\t\t\t<\/div>\n\t\t<\/div>\n\t\t\t\t<div class=\"elementor-column elementor-col-50 elementor-top-column elementor-element elementor-element-0f3eab9\" data-id=\"0f3eab9\" data-element_type=\"column\" data-e-type=\"column\">\n\t\t\t<div class=\"elementor-widget-wrap elementor-element-populated\">\n\t\t\t\t\t\t<div class=\"elementor-element elementor-element-3ad2533 elementor-widget elementor-widget-image\" data-id=\"3ad2533\" data-element_type=\"widget\" data-e-type=\"widget\" data-widget_type=\"image.default\">\n\t\t\t\t<div class=\"elementor-widget-container\">\n\t\t\t\t\t\t\t\t\t\t\t\t\t\t\t<img decoding=\"async\" width=\"640\" height=\"427\" src=\"https:\/\/mangolacplp.pt\/wp-content\/uploads\/2023\/08\/2639391-768x512.jpg\" class=\"attachment-medium_large size-medium_large wp-image-5691\" alt=\"\" srcset=\"https:\/\/mangolacplp.pt\/wp-content\/uploads\/2023\/08\/2639391-768x512.jpg 768w, https:\/\/mangolacplp.pt\/wp-content\/uploads\/2023\/08\/2639391-300x200.jpg 300w, https:\/\/mangolacplp.pt\/wp-content\/uploads\/2023\/08\/2639391-1024x683.jpg 1024w, https:\/\/mangolacplp.pt\/wp-content\/uploads\/2023\/08\/2639391-1536x1024.jpg 1536w, https:\/\/mangolacplp.pt\/wp-content\/uploads\/2023\/08\/2639391-2048x1365.jpg 2048w\" sizes=\"(max-width: 640px) 100vw, 640px\" \/>\t\t\t\t\t\t\t\t\t\t\t\t\t\t\t<\/div>\n\t\t\t\t<\/div>\n\t\t\t\t\t<\/div>\n\t\t<\/div>\n\t\t\t\t\t<\/div>\n\t\t<\/section>\n\t\t\t\t<\/div>\n\t\t","protected":false},"excerpt":{"rendered":"<p>A participa\u00e7\u00e3o de Angola na Cimeira do G-77+China, bem como na Sess\u00e3o da Assembleia Geral da Organiza\u00e7\u00e3o das Na\u00e7\u00f5es Unidas (ONU) esteve, sexta-feira, em Luanda, em an\u00e1lise, na reuni\u00e3o preparat\u00f3ria multissectorial, orientada pelo ministro das Rela\u00e7\u00f5es Exteriores, T\u00e9te Ant\u00f3nio. O MIREX informa que a reuni\u00e3o decorreu em formato presencial e virtual, tendo nela participado diplomatas, [&hellip;]<\/p>\n","protected":false},"author":1,"featured_media":5880,"comment_status":"open","ping_status":"open","sticky":false,"template":"","format":"standard","meta":{"om_disable_all_campaigns":false,"_monsterinsights_skip_tracking":false,"cybocfi_hide_featured_image":"yes","footnotes":"","beyondwords_generate_audio":"","beyondwords_project_id":"","beyondwords_content_id":"","beyondwords_integration_method":"","beyondwords_language_code":"","beyondwords_language_id":"","beyondwords_body_voice_id":"","beyondwords_delete_content":"","beyondwords_source":"","beyondwords_output":"","beyondwords_script_template_id":"","beyondwords_video_template_id":"","beyondwords_video_size":"","beyondwords_embed":"","beyondwords_podcast_id":"","speechkit_generate_audio":"","speechkit_project_id":"","speechkit_podcast_id":""},"categories":[51,47],"tags":[],"class_list":["post-5879","post","type-post","status-publish","format-standard","has-post-thumbnail","hentry","category-conferencias","category-conselho-reuniao-dos-ministros"],"aioseo_notices":[],"aioseo_head":"\n\t\t<!-- All in One SEO 5.0.1.1 - aioseo.com -->\n\t<meta name=\"description\" content=\"A participa\u00e7\u00e3o de Angola na Cimeira do G-77+China, bem como na Sess\u00e3o da Assembleia Geral da Organiza\u00e7\u00e3o das Na\u00e7\u00f5es Unidas (ONU) esteve, sexta-feira, em Luanda, em an\u00e1lise, na reuni\u00e3o preparat\u00f3ria multissectorial, orientada pelo ministro das Rela\u00e7\u00f5es Exteriores, T\u00e9te Ant\u00f3nio. O MIREX informa que a reuni\u00e3o decorreu em formato presencial e virtual, tendo nela participado diplomatas,\" \/>\n\t<meta name=\"robots\" content=\"max-image-preview:large\" \/>\n\t<meta name=\"author\" content=\"mangolacplp@gmail.com\"\/>\n\t<meta name=\"google-site-verification\" content=\"OAkRXAdn5uVeBK008XwODWriZMQCNMcAKVhQ2xA_Ous\" \/>\n\t<link rel=\"canonical\" href=\"https:\/\/mangolacplp.pt\/?p=5879\" \/>\n\t<meta name=\"generator\" content=\"All in One SEO (AIOSEO) 5.0.1.1\" \/>\n\t\t<meta property=\"og:locale\" content=\"pt_PT\" \/>\n\t\t<meta property=\"og:site_name\" content=\"Miss\u00e3o Permanente da Rep\u00fablica de Angola junto da CPLP - Minist\u00e9rio das Rela\u00e7\u00f5es Exteriores\" \/>\n\t\t<meta property=\"og:type\" content=\"article\" \/>\n\t\t<meta property=\"og:title\" content=\"Angola participa na Cimeira do G-77+China em Havana - Miss\u00e3o Permanente da Rep\u00fablica de Angola junto da CPLP\" \/>\n\t\t<meta property=\"og:description\" content=\"A participa\u00e7\u00e3o de Angola na Cimeira do G-77+China, bem como na Sess\u00e3o da Assembleia Geral da Organiza\u00e7\u00e3o das Na\u00e7\u00f5es Unidas (ONU) esteve, sexta-feira, em Luanda, em an\u00e1lise, na reuni\u00e3o preparat\u00f3ria multissectorial, orientada pelo ministro das Rela\u00e7\u00f5es Exteriores, T\u00e9te Ant\u00f3nio. O MIREX informa que a reuni\u00e3o decorreu em formato presencial e virtual, tendo nela participado diplomatas,\" \/>\n\t\t<meta property=\"og:url\" content=\"https:\/\/mangolacplp.pt\/?p=5879\" \/>\n\t\t<meta property=\"og:image\" content=\"https:\/\/mangolacplp.pt\/wp-content\/uploads\/2022\/11\/cropped-Design-sem-nome-8-e1667509515366.png\" \/>\n\t\t<meta property=\"og:image:secure_url\" content=\"https:\/\/mangolacplp.pt\/wp-content\/uploads\/2022\/11\/cropped-Design-sem-nome-8-e1667509515366.png\" \/>\n\t\t<meta property=\"article:published_time\" content=\"2023-09-02T15:39:29+00:00\" \/>\n\t\t<meta property=\"article:modified_time\" content=\"2023-09-08T22:12:27+00:00\" \/>\n\t\t<meta name=\"twitter:card\" content=\"summary_large_image\" \/>\n\t\t<meta name=\"twitter:title\" content=\"Angola participa na Cimeira do G-77+China em Havana - Miss\u00e3o Permanente da Rep\u00fablica de Angola junto da CPLP\" \/>\n\t\t<meta name=\"twitter:description\" content=\"A participa\u00e7\u00e3o de Angola na Cimeira do G-77+China, bem como na Sess\u00e3o da Assembleia Geral da Organiza\u00e7\u00e3o das Na\u00e7\u00f5es Unidas (ONU) esteve, sexta-feira, em Luanda, em an\u00e1lise, na reuni\u00e3o preparat\u00f3ria multissectorial, orientada pelo ministro das Rela\u00e7\u00f5es Exteriores, T\u00e9te Ant\u00f3nio. O MIREX informa que a reuni\u00e3o decorreu em formato presencial e virtual, tendo nela participado diplomatas,\" \/>\n\t\t<meta name=\"twitter:image\" content=\"https:\/\/mangolacplp.pt\/wp-content\/uploads\/2022\/11\/cropped-Design-sem-nome-8-e1667509515366.png\" \/>\n\t\t<script type=\"application\/ld+json\" class=\"aioseo-schema\">\n\t\t\t{\"@context\":\"https:\\\/\\\/schema.org\",\"@graph\":[{\"@type\":\"BlogPosting\",\"@id\":\"https:\\\/\\\/mangolacplp.pt\\\/?p=5879#blogposting\",\"name\":\"Angola participa na Cimeira do G-77+China em Havana - Miss\\u00e3o Permanente da Rep\\u00fablica de Angola junto da CPLP\",\"headline\":\"Angola participa na Cimeira do G-77+China em Havana\",\"author\":{\"@id\":\"https:\\\/\\\/mangolacplp.pt\\\/?author=1#author\"},\"publisher\":{\"@id\":\"https:\\\/\\\/mangolacplp.pt\\\/#organization\"},\"image\":{\"@type\":\"ImageObject\",\"url\":\"https:\\\/\\\/mangolacplp.pt\\\/wp-content\\\/uploads\\\/2023\\\/09\\\/7b_78024814364f3525b3d3a5.jpg\",\"width\":620,\"height\":355},\"datePublished\":\"2023-09-02T15:39:29+00:00\",\"dateModified\":\"2023-09-08T22:12:27+00:00\",\"inLanguage\":\"pt-AO\",\"mainEntityOfPage\":{\"@id\":\"https:\\\/\\\/mangolacplp.pt\\\/?p=5879#webpage\"},\"isPartOf\":{\"@id\":\"https:\\\/\\\/mangolacplp.pt\\\/?p=5879#webpage\"},\"articleSection\":\"Confer\\u00eancias, Conselho\\\/Reuni\\u00e3o dos Ministros\"},{\"@type\":\"BreadcrumbList\",\"@id\":\"https:\\\/\\\/mangolacplp.pt\\\/?p=5879#breadcrumblist\",\"itemListElement\":[{\"@type\":\"ListItem\",\"@id\":\"https:\\\/\\\/mangolacplp.pt#listItem\",\"position\":1,\"name\":\"Home\",\"item\":\"https:\\\/\\\/mangolacplp.pt\",\"nextItem\":{\"@type\":\"ListItem\",\"@id\":\"https:\\\/\\\/mangolacplp.pt\\\/?cat=47#listItem\",\"name\":\"Conselho\\\/Reuni\\u00e3o dos Ministros\"}},{\"@type\":\"ListItem\",\"@id\":\"https:\\\/\\\/mangolacplp.pt\\\/?cat=47#listItem\",\"position\":2,\"name\":\"Conselho\\\/Reuni\\u00e3o dos Ministros\",\"item\":\"https:\\\/\\\/mangolacplp.pt\\\/?cat=47\",\"nextItem\":{\"@type\":\"ListItem\",\"@id\":\"https:\\\/\\\/mangolacplp.pt\\\/?p=5879#listItem\",\"name\":\"Angola participa na Cimeira do G-77+China em Havana\"},\"previousItem\":{\"@type\":\"ListItem\",\"@id\":\"https:\\\/\\\/mangolacplp.pt#listItem\",\"name\":\"Home\"}},{\"@type\":\"ListItem\",\"@id\":\"https:\\\/\\\/mangolacplp.pt\\\/?p=5879#listItem\",\"position\":3,\"name\":\"Angola participa na Cimeira do G-77+China em Havana\",\"previousItem\":{\"@type\":\"ListItem\",\"@id\":\"https:\\\/\\\/mangolacplp.pt\\\/?cat=47#listItem\",\"name\":\"Conselho\\\/Reuni\\u00e3o dos Ministros\"}}]},{\"@type\":\"Organization\",\"@id\":\"https:\\\/\\\/mangolacplp.pt\\\/#organization\",\"name\":\"Miss\\u00e3o Permanente de Angola junto da CPLP em Lisboa, Portugal\",\"description\":\"Minist\\u00e9rio das Rela\\u00e7\\u00f5es Exteriores\",\"url\":\"https:\\\/\\\/mangolacplp.pt\\\/\",\"telephone\":\"+351217967041\",\"logo\":{\"@type\":\"ImageObject\",\"url\":\"https:\\\/\\\/mangolacplp.pt\\\/wp-content\\\/uploads\\\/2022\\\/11\\\/cropped-Design-sem-nome-8-e1667509515366.png\",\"@id\":\"https:\\\/\\\/mangolacplp.pt\\\/?p=5879\\\/#organizationLogo\",\"width\":100,\"height\":110},\"image\":{\"@id\":\"https:\\\/\\\/mangolacplp.pt\\\/?p=5879\\\/#organizationLogo\"},\"sameAs\":[\"https:\\\/\\\/instagram.com\\\/@mangolacplp\",\"https:\\\/\\\/pinterest.com\\\/@mangolacplp\",\"https:\\\/\\\/youtube.com\\\/@mangolacplp\"]},{\"@type\":\"Person\",\"@id\":\"https:\\\/\\\/mangolacplp.pt\\\/?author=1#author\",\"url\":\"https:\\\/\\\/mangolacplp.pt\\\/?author=1\",\"name\":\"mangolacplp@gmail.com\",\"image\":{\"@type\":\"ImageObject\",\"@id\":\"https:\\\/\\\/mangolacplp.pt\\\/?p=5879#authorImage\",\"url\":\"https:\\\/\\\/secure.gravatar.com\\\/avatar\\\/579ea7126b16e64f11fc72b0f987cd6be1fc9aeaed3ed153efdf8fa631f35142?s=96&d=mm&r=g\",\"width\":96,\"height\":96,\"caption\":\"mangolacplp@gmail.com\"}},{\"@type\":\"WebPage\",\"@id\":\"https:\\\/\\\/mangolacplp.pt\\\/?p=5879#webpage\",\"url\":\"https:\\\/\\\/mangolacplp.pt\\\/?p=5879\",\"name\":\"Angola participa na Cimeira do G-77+China em Havana - Miss\\u00e3o Permanente da Rep\\u00fablica de Angola junto da CPLP\",\"description\":\"A participa\\u00e7\\u00e3o de Angola na Cimeira do G-77+China, bem como na Sess\\u00e3o da Assembleia Geral da Organiza\\u00e7\\u00e3o das Na\\u00e7\\u00f5es Unidas (ONU) esteve, sexta-feira, em Luanda, em an\\u00e1lise, na reuni\\u00e3o preparat\\u00f3ria multissectorial, orientada pelo ministro das Rela\\u00e7\\u00f5es Exteriores, T\\u00e9te Ant\\u00f3nio. O MIREX informa que a reuni\\u00e3o decorreu em formato presencial e virtual, tendo nela participado diplomatas,\",\"inLanguage\":\"pt-AO\",\"isPartOf\":{\"@id\":\"https:\\\/\\\/mangolacplp.pt\\\/#website\"},\"breadcrumb\":{\"@id\":\"https:\\\/\\\/mangolacplp.pt\\\/?p=5879#breadcrumblist\"},\"author\":{\"@id\":\"https:\\\/\\\/mangolacplp.pt\\\/?author=1#author\"},\"creator\":{\"@id\":\"https:\\\/\\\/mangolacplp.pt\\\/?author=1#author\"},\"image\":{\"@type\":\"ImageObject\",\"url\":\"https:\\\/\\\/mangolacplp.pt\\\/wp-content\\\/uploads\\\/2023\\\/09\\\/7b_78024814364f3525b3d3a5.jpg\",\"@id\":\"https:\\\/\\\/mangolacplp.pt\\\/?p=5879\\\/#mainImage\",\"width\":620,\"height\":355},\"primaryImageOfPage\":{\"@id\":\"https:\\\/\\\/mangolacplp.pt\\\/?p=5879#mainImage\"},\"datePublished\":\"2023-09-02T15:39:29+00:00\",\"dateModified\":\"2023-09-08T22:12:27+00:00\"},{\"@type\":\"WebSite\",\"@id\":\"https:\\\/\\\/mangolacplp.pt\\\/#website\",\"url\":\"https:\\\/\\\/mangolacplp.pt\\\/\",\"name\":\"Miss\\u00e3o Permanente da Republica de Angola junto da CPLP\",\"description\":\"Minist\\u00e9rio das Rela\\u00e7\\u00f5es Exteriores\",\"inLanguage\":\"pt-AO\",\"publisher\":{\"@id\":\"https:\\\/\\\/mangolacplp.pt\\\/#organization\"}}]}\n\t\t<\/script>\n\t\t<!-- All in One SEO -->\n\n","aioseo_head_json":{"title":"Angola participa na Cimeira do G-77+China em Havana - Miss\u00e3o Permanente da Rep\u00fablica de Angola junto da CPLP","description":"A participa\u00e7\u00e3o de Angola na Cimeira do G-77+China, bem como na Sess\u00e3o da Assembleia Geral da Organiza\u00e7\u00e3o das Na\u00e7\u00f5es Unidas (ONU) esteve, sexta-feira, em Luanda, em an\u00e1lise, na reuni\u00e3o preparat\u00f3ria multissectorial, orientada pelo ministro das Rela\u00e7\u00f5es Exteriores, T\u00e9te Ant\u00f3nio. O MIREX informa que a reuni\u00e3o decorreu em formato presencial e virtual, tendo nela participado diplomatas,","canonical_url":"https:\/\/mangolacplp.pt\/?p=5879","robots":"max-image-preview:large","keywords":"","webmasterTools":{"google-site-verification":"OAkRXAdn5uVeBK008XwODWriZMQCNMcAKVhQ2xA_Ous","miscellaneous":""},"schema":{"@context":"https:\/\/schema.org","@graph":[{"@type":"BlogPosting","@id":"https:\/\/mangolacplp.pt\/?p=5879#blogposting","name":"Angola participa na Cimeira do G-77+China em Havana - Miss\u00e3o Permanente da Rep\u00fablica de Angola junto da CPLP","headline":"Angola participa na Cimeira do G-77+China em Havana","author":{"@id":"https:\/\/mangolacplp.pt\/?author=1#author"},"publisher":{"@id":"https:\/\/mangolacplp.pt\/#organization"},"image":{"@type":"ImageObject","url":"https:\/\/mangolacplp.pt\/wp-content\/uploads\/2023\/09\/7b_78024814364f3525b3d3a5.jpg","width":620,"height":355},"datePublished":"2023-09-02T15:39:29+00:00","dateModified":"2023-09-08T22:12:27+00:00","inLanguage":"pt-AO","mainEntityOfPage":{"@id":"https:\/\/mangolacplp.pt\/?p=5879#webpage"},"isPartOf":{"@id":"https:\/\/mangolacplp.pt\/?p=5879#webpage"},"articleSection":"Confer\u00eancias, Conselho\/Reuni\u00e3o dos Ministros"},{"@type":"BreadcrumbList","@id":"https:\/\/mangolacplp.pt\/?p=5879#breadcrumblist","itemListElement":[{"@type":"ListItem","@id":"https:\/\/mangolacplp.pt#listItem","position":1,"name":"Home","item":"https:\/\/mangolacplp.pt","nextItem":{"@type":"ListItem","@id":"https:\/\/mangolacplp.pt\/?cat=47#listItem","name":"Conselho\/Reuni\u00e3o dos Ministros"}},{"@type":"ListItem","@id":"https:\/\/mangolacplp.pt\/?cat=47#listItem","position":2,"name":"Conselho\/Reuni\u00e3o dos Ministros","item":"https:\/\/mangolacplp.pt\/?cat=47","nextItem":{"@type":"ListItem","@id":"https:\/\/mangolacplp.pt\/?p=5879#listItem","name":"Angola participa na Cimeira do G-77+China em Havana"},"previousItem":{"@type":"ListItem","@id":"https:\/\/mangolacplp.pt#listItem","name":"Home"}},{"@type":"ListItem","@id":"https:\/\/mangolacplp.pt\/?p=5879#listItem","position":3,"name":"Angola participa na Cimeira do G-77+China em Havana","previousItem":{"@type":"ListItem","@id":"https:\/\/mangolacplp.pt\/?cat=47#listItem","name":"Conselho\/Reuni\u00e3o dos Ministros"}}]},{"@type":"Organization","@id":"https:\/\/mangolacplp.pt\/#organization","name":"Miss\u00e3o Permanente de Angola junto da CPLP em Lisboa, Portugal","description":"Minist\u00e9rio das Rela\u00e7\u00f5es Exteriores","url":"https:\/\/mangolacplp.pt\/","telephone":"+351217967041","logo":{"@type":"ImageObject","url":"https:\/\/mangolacplp.pt\/wp-content\/uploads\/2022\/11\/cropped-Design-sem-nome-8-e1667509515366.png","@id":"https:\/\/mangolacplp.pt\/?p=5879\/#organizationLogo","width":100,"height":110},"image":{"@id":"https:\/\/mangolacplp.pt\/?p=5879\/#organizationLogo"},"sameAs":["https:\/\/instagram.com\/@mangolacplp","https:\/\/pinterest.com\/@mangolacplp","https:\/\/youtube.com\/@mangolacplp"]},{"@type":"Person","@id":"https:\/\/mangolacplp.pt\/?author=1#author","url":"https:\/\/mangolacplp.pt\/?author=1","name":"mangolacplp@gmail.com","image":{"@type":"ImageObject","@id":"https:\/\/mangolacplp.pt\/?p=5879#authorImage","url":"https:\/\/secure.gravatar.com\/avatar\/579ea7126b16e64f11fc72b0f987cd6be1fc9aeaed3ed153efdf8fa631f35142?s=96&d=mm&r=g","width":96,"height":96,"caption":"mangolacplp@gmail.com"}},{"@type":"WebPage","@id":"https:\/\/mangolacplp.pt\/?p=5879#webpage","url":"https:\/\/mangolacplp.pt\/?p=5879","name":"Angola participa na Cimeira do G-77+China em Havana - Miss\u00e3o Permanente da Rep\u00fablica de Angola junto da CPLP","description":"A participa\u00e7\u00e3o de Angola na Cimeira do G-77+China, bem como na Sess\u00e3o da Assembleia Geral da Organiza\u00e7\u00e3o das Na\u00e7\u00f5es Unidas (ONU) esteve, sexta-feira, em Luanda, em an\u00e1lise, na reuni\u00e3o preparat\u00f3ria multissectorial, orientada pelo ministro das Rela\u00e7\u00f5es Exteriores, T\u00e9te Ant\u00f3nio. O MIREX informa que a reuni\u00e3o decorreu em formato presencial e virtual, tendo nela participado diplomatas,","inLanguage":"pt-AO","isPartOf":{"@id":"https:\/\/mangolacplp.pt\/#website"},"breadcrumb":{"@id":"https:\/\/mangolacplp.pt\/?p=5879#breadcrumblist"},"author":{"@id":"https:\/\/mangolacplp.pt\/?author=1#author"},"creator":{"@id":"https:\/\/mangolacplp.pt\/?author=1#author"},"image":{"@type":"ImageObject","url":"https:\/\/mangolacplp.pt\/wp-content\/uploads\/2023\/09\/7b_78024814364f3525b3d3a5.jpg","@id":"https:\/\/mangolacplp.pt\/?p=5879\/#mainImage","width":620,"height":355},"primaryImageOfPage":{"@id":"https:\/\/mangolacplp.pt\/?p=5879#mainImage"},"datePublished":"2023-09-02T15:39:29+00:00","dateModified":"2023-09-08T22:12:27+00:00"},{"@type":"WebSite","@id":"https:\/\/mangolacplp.pt\/#website","url":"https:\/\/mangolacplp.pt\/","name":"Miss\u00e3o Permanente da Republica de Angola junto da CPLP","description":"Minist\u00e9rio das Rela\u00e7\u00f5es Exteriores","inLanguage":"pt-AO","publisher":{"@id":"https:\/\/mangolacplp.pt\/#organization"}}]},"og:locale":"pt_PT","og:site_name":"Miss\u00e3o Permanente da Rep\u00fablica de Angola junto da CPLP - Minist\u00e9rio das Rela\u00e7\u00f5es Exteriores","og:type":"article","og:title":"Angola participa na Cimeira do G-77+China em Havana - Miss\u00e3o Permanente da Rep\u00fablica de Angola junto da CPLP","og:description":"A participa\u00e7\u00e3o de Angola na Cimeira do G-77+China, bem como na Sess\u00e3o da Assembleia Geral da Organiza\u00e7\u00e3o das Na\u00e7\u00f5es Unidas (ONU) esteve, sexta-feira, em Luanda, em an\u00e1lise, na reuni\u00e3o preparat\u00f3ria multissectorial, orientada pelo ministro das Rela\u00e7\u00f5es Exteriores, T\u00e9te Ant\u00f3nio. O MIREX informa que a reuni\u00e3o decorreu em formato presencial e virtual, tendo nela participado diplomatas,","og:url":"https:\/\/mangolacplp.pt\/?p=5879","og:image":"https:\/\/mangolacplp.pt\/wp-content\/uploads\/2022\/11\/cropped-Design-sem-nome-8-e1667509515366.png","og:image:secure_url":"https:\/\/mangolacplp.pt\/wp-content\/uploads\/2022\/11\/cropped-Design-sem-nome-8-e1667509515366.png","article:published_time":"2023-09-02T15:39:29+00:00","article:modified_time":"2023-09-08T22:12:27+00:00","twitter:card":"summary_large_image","twitter:title":"Angola participa na Cimeira do G-77+China em Havana - Miss\u00e3o Permanente da Rep\u00fablica de Angola junto da CPLP","twitter:description":"A participa\u00e7\u00e3o de Angola na Cimeira do G-77+China, bem como na Sess\u00e3o da Assembleia Geral da Organiza\u00e7\u00e3o das Na\u00e7\u00f5es Unidas (ONU) esteve, sexta-feira, em Luanda, em an\u00e1lise, na reuni\u00e3o preparat\u00f3ria multissectorial, orientada pelo ministro das Rela\u00e7\u00f5es Exteriores, T\u00e9te Ant\u00f3nio. O MIREX informa que a reuni\u00e3o decorreu em formato presencial e virtual, tendo nela participado diplomatas,","twitter:image":"https:\/\/mangolacplp.pt\/wp-content\/uploads\/2022\/11\/cropped-Design-sem-nome-8-e1667509515366.png"},"aioseo_meta_data":{"post_id":"5879","title":null,"description":null,"keywords":[],"keyphrases":{"focus":{"keyphrase":"","score":0,"analysis":{"keyphraseInTitle":{"score":0,"maxScore":9,"error":1}}},"additional":[]},"primary_term":null,"canonical_url":null,"og_title":null,"og_description":null,"og_object_type":"default","og_image_type":"default","og_image_url":null,"og_image_width":null,"og_image_height":null,"og_image_custom_url":null,"og_image_custom_fields":null,"og_video":"","og_custom_url":null,"og_article_section":null,"og_article_tags":[],"twitter_use_og":false,"twitter_card":"default","twitter_image_type":"default","twitter_image_url":null,"twitter_image_custom_url":null,"twitter_image_custom_fields":null,"twitter_title":null,"twitter_description":null,"schema":{"blockGraphs":[],"customGraphs":[],"default":{"data":{"Article":[],"Course":[],"Dataset":[],"FAQPage":[],"Movie":[],"Person":[],"Product":[],"ProductReview":[],"Car":[],"Recipe":[],"Service":[],"SoftwareApplication":[],"WebPage":[]},"graphName":"BlogPosting","isEnabled":true},"graphs":[]},"schema_type":"default","schema_type_options":null,"pillar_content":false,"robots_default":true,"robots_noindex":false,"robots_noarchive":false,"robots_nosnippet":false,"robots_nofollow":false,"robots_noimageindex":false,"robots_noodp":false,"robots_notranslate":false,"robots_max_snippet":"-1","robots_max_videopreview":"-1","robots_max_imagepreview":"large","priority":null,"frequency":"default","local_seo":null,"breadcrumb_settings":null,"limit_modified_date":false,"ai":null,"created":"2023-09-08 14:32:03","updated":"2025-06-05 08:15:29","seo_analyzer_scan_date":null,"focus_keyword":null,"additional_keywords":null,"truseo_locale":null},"aioseo_breadcrumb":"<div class=\"aioseo-breadcrumbs\"><span class=\"aioseo-breadcrumb\">\n\t\t\t<a href=\"https:\/\/mangolacplp.pt\" title=\"Home\">Home<\/a>\n\t\t<\/span><span class=\"aioseo-breadcrumb-separator\">&raquo;<\/span><span class=\"aioseo-breadcrumb\">\n\t\t\t<a href=\"https:\/\/mangolacplp.pt\/?cat=47\" title=\"Conselho\/Reuni\u00e3o dos Ministros\">Conselho\/Reuni\u00e3o dos Ministros<\/a>\n\t\t<\/span><span class=\"aioseo-breadcrumb-separator\">&raquo;<\/span><span class=\"aioseo-breadcrumb\">\n\t\t\tAngola participa na Cimeira do G-77+China em Havana\n\t\t<\/span><\/div>","aioseo_breadcrumb_json":[{"label":"Home","link":"https:\/\/mangolacplp.pt"},{"label":"Conselho\/Reuni\u00e3o dos Ministros","link":"https:\/\/mangolacplp.pt\/?cat=47"},{"label":"Angola participa na Cimeira do G-77+China em Havana","link":"https:\/\/mangolacplp.pt\/?p=5879"}],"_links":{"self":[{"href":"https:\/\/mangolacplp.pt\/index.php?rest_route=\/wp\/v2\/posts\/5879","targetHints":{"allow":["GET"]}}],"collection":[{"href":"https:\/\/mangolacplp.pt\/index.php?rest_route=\/wp\/v2\/posts"}],"about":[{"href":"https:\/\/mangolacplp.pt\/index.php?rest_route=\/wp\/v2\/types\/post"}],"author":[{"embeddable":true,"href":"https:\/\/mangolacplp.pt\/index.php?rest_route=\/wp\/v2\/users\/1"}],"replies":[{"embeddable":true,"href":"https:\/\/mangolacplp.pt\/index.php?rest_route=%2Fwp%2Fv2%2Fcomments&post=5879"}],"version-history":[{"count":0,"href":"https:\/\/mangolacplp.pt\/index.php?rest_route=\/wp\/v2\/posts\/5879\/revisions"}],"wp:featuredmedia":[{"embeddable":true,"href":"https:\/\/mangolacplp.pt\/index.php?rest_route=\/wp\/v2\/media\/5880"}],"wp:attachment":[{"href":"https:\/\/mangolacplp.pt\/index.php?rest_route=%2Fwp%2Fv2%2Fmedia&parent=5879"}],"wp:term":[{"taxonomy":"category","embeddable":true,"href":"https:\/\/mangolacplp.pt\/index.php?rest_route=%2Fwp%2Fv2%2Fcategories&post=5879"},{"taxonomy":"post_tag","embeddable":true,"href":"https:\/\/mangolacplp.pt\/index.php?rest_route=%2Fwp%2Fv2%2Ftags&post=5879"}],"curies":[{"name":"wp","href":"https:\/\/api.w.org\/{rel}","templated":true}]}}