{"id":7550,"date":"2025-01-27T10:46:02","date_gmt":"2025-01-27T10:46:02","guid":{"rendered":"https:\/\/mangolacplp.pt\/?p=7550"},"modified":"2025-01-27T10:47:23","modified_gmt":"2025-01-27T10:47:23","slug":"reuniao-tecnica-preparatoria-do-forum-dos-institutos-de-apoio-as-pequenas-empresas-e-ao-empreendedorismo-da-cplp","status":"publish","type":"post","link":"https:\/\/mangolacplp.pt\/?p=7550","title":{"rendered":"Reuni\u00e3o t\u00e9cnica preparat\u00f3ria do \u00abF\u00f3rum dos Institutos de Apoio \u00e0s Pequenas Empresas e ao Empreendedorismo da CPLP\u00bb"},"content":{"rendered":"\t\t<div data-elementor-type=\"wp-post\" data-elementor-id=\"7550\" class=\"elementor elementor-7550\">\n\t\t\t\t\t\t<section class=\"elementor-section elementor-top-section elementor-element elementor-element-c37e694 elementor-section-boxed elementor-section-height-default elementor-section-height-default\" data-id=\"c37e694\" data-element_type=\"section\" data-e-type=\"section\">\n\t\t\t\t\t\t<div class=\"elementor-container elementor-column-gap-default\">\n\t\t\t\t\t<div class=\"elementor-column elementor-col-50 elementor-top-column elementor-element elementor-element-e2921bd\" data-id=\"e2921bd\" data-element_type=\"column\" data-e-type=\"column\">\n\t\t\t<div class=\"elementor-widget-wrap elementor-element-populated\">\n\t\t\t\t\t\t<div class=\"elementor-element elementor-element-7be3485 elementor-widget elementor-widget-text-editor\" data-id=\"7be3485\" data-element_type=\"widget\" data-e-type=\"widget\" data-widget_type=\"text-editor.default\">\n\t\t\t\t<div class=\"elementor-widget-container\">\n\t\t\t\t\t\t\t\t\t<p>Em representa\u00e7\u00e3o do Representante Permanente, esteve presente uma diplomata na reuni\u00e3o t\u00e9cnica de prepara\u00e7\u00e3o do \u00abF\u00f3rum dos Institutos de Apoio \u00e0s Pequenas Empresas e ao Empreendedorismo da Comunidade dos Pa\u00edses de L\u00edngua Portuguesa (CPLP)\u00bb, anteriormente designado como \u00abDi\u00e1logo sobre Pequenos Neg\u00f3cios e Empreendedorismo no \u00e2mbito da CPLP\u00bb, decorreu nos dias 21 e 22 de janeiro de 2025, na sede da Organiza\u00e7\u00e3o Internacional, em Lisboa, e por videoconfer\u00eancia.<\/p><p>Na sess\u00e3o de abertura desta reuni\u00e3o t\u00e9cnica preparat\u00f3ria, intervieram o Diretor do Empreendedorismo de S\u00e3o Tom\u00e9 e Pr\u00edncipe, ponto focal e representante da Presid\u00eancia em exerc\u00edcio da CPLP, Admilton Teixeira, bem como o Diretor de Assuntos Econ\u00f3micos e Empresariais do Secretariado Executivo da CPLP, Ivan Njinga.<\/p>\t\t\t\t\t\t\t\t<\/div>\n\t\t\t\t<\/div>\n\t\t\t\t\t<\/div>\n\t\t<\/div>\n\t\t\t\t<div class=\"elementor-column elementor-col-50 elementor-top-column elementor-element elementor-element-a15c8c0\" data-id=\"a15c8c0\" data-element_type=\"column\" data-e-type=\"column\">\n\t\t\t<div class=\"elementor-widget-wrap elementor-element-populated\">\n\t\t\t\t\t\t<div class=\"elementor-element elementor-element-f990b3c elementor-widget elementor-widget-image-carousel\" data-id=\"f990b3c\" data-element_type=\"widget\" data-e-type=\"widget\" data-settings=\"{&quot;slides_to_show&quot;:&quot;1&quot;,&quot;navigation&quot;:&quot;none&quot;,&quot;autoplay&quot;:&quot;yes&quot;,&quot;pause_on_hover&quot;:&quot;yes&quot;,&quot;pause_on_interaction&quot;:&quot;yes&quot;,&quot;autoplay_speed&quot;:5000,&quot;infinite&quot;:&quot;yes&quot;,&quot;effect&quot;:&quot;slide&quot;,&quot;speed&quot;:500}\" data-widget_type=\"image-carousel.default\">\n\t\t\t\t<div class=\"elementor-widget-container\">\n\t\t\t\t\t\t\t<div class=\"elementor-image-carousel-wrapper swiper\" role=\"region\" aria-roledescription=\"carousel\" aria-label=\"Image Carousel\" dir=\"ltr\">\n\t\t\t<div class=\"elementor-image-carousel swiper-wrapper\" aria-live=\"off\">\n\t\t\t\t\t\t\t\t<div class=\"swiper-slide\" role=\"group\" aria-roledescription=\"slide\" aria-label=\"1 of 3\"><figure class=\"swiper-slide-inner\"><img decoding=\"async\" class=\"swiper-slide-image\" src=\"https:\/\/mangolacplp.pt\/wp-content\/uploads\/2025\/01\/reunio-preparatria-do-frum-dos-institutos-de-apoio-s-pequenas-empresas-e-ao-empreendedorismo-cplp_-5_54281499719_o-768x512.jpg\" alt=\"reunio-preparatria-do-frum-dos-institutos-de-apoio-s-pequenas-empresas-e-ao-empreendedorismo-cplp_-5_54281499719_o\" \/><\/figure><\/div><div class=\"swiper-slide\" role=\"group\" aria-roledescription=\"slide\" aria-label=\"2 of 3\"><figure class=\"swiper-slide-inner\"><img decoding=\"async\" class=\"swiper-slide-image\" src=\"https:\/\/mangolacplp.pt\/wp-content\/uploads\/2025\/01\/reunio-preparatria-do-frum-dos-institutos-de-apoio-s-pequenas-empresas-e-ao-empreendedorismo-cplp_-4_54280373817_o-768x512.jpg\" alt=\"reunio-preparatria-do-frum-dos-institutos-de-apoio-s-pequenas-empresas-e-ao-empreendedorismo-cplp_-4_54280373817_o\" \/><\/figure><\/div><div class=\"swiper-slide\" role=\"group\" aria-roledescription=\"slide\" aria-label=\"3 of 3\"><figure class=\"swiper-slide-inner\"><img decoding=\"async\" class=\"swiper-slide-image\" src=\"https:\/\/mangolacplp.pt\/wp-content\/uploads\/2025\/01\/reunio-preparatria-do-frum-dos-institutos-de-apoio-s-pequenas-empresas-e-ao-empreendedorismo-cplp_-7_54280373577_o-768x512.jpg\" alt=\"reunio-preparatria-do-frum-dos-institutos-de-apoio-s-pequenas-empresas-e-ao-empreendedorismo-cplp_-7_54280373577_o\" \/><\/figure><\/div>\t\t\t<\/div>\n\t\t\t\t\t\t\t\n\t\t\t\t\t\t\t\t\t<\/div>\n\t\t\t\t\t\t<\/div>\n\t\t\t\t<\/div>\n\t\t\t\t\t<\/div>\n\t\t<\/div>\n\t\t\t\t\t<\/div>\n\t\t<\/section>\n\t\t\t\t<section class=\"elementor-section elementor-top-section elementor-element elementor-element-55ea456 elementor-section-boxed elementor-section-height-default elementor-section-height-default\" data-id=\"55ea456\" data-element_type=\"section\" data-e-type=\"section\">\n\t\t\t\t\t\t<div class=\"elementor-container elementor-column-gap-default\">\n\t\t\t\t\t<div class=\"elementor-column elementor-col-100 elementor-top-column elementor-element elementor-element-ed002df\" data-id=\"ed002df\" data-element_type=\"column\" data-e-type=\"column\">\n\t\t\t<div class=\"elementor-widget-wrap elementor-element-populated\">\n\t\t\t\t\t\t<div class=\"elementor-element elementor-element-ff3e401 elementor-widget elementor-widget-text-editor\" data-id=\"ff3e401\" data-element_type=\"widget\" data-e-type=\"widget\" data-widget_type=\"text-editor.default\">\n\t\t\t\t<div class=\"elementor-widget-container\">\n\t\t\t\t\t\t\t\t\t<p>Recorde-se, o \u00abDi\u00e1logo sobre Pequenos Neg\u00f3cios e Empreendedorismo no \u00e2mbito da CPLP\u00bb j\u00e1 teve tr\u00eas edi\u00e7\u00f5es, em julho de 2024, novembro de 2023 e em novembro de 2022. Este evento pretendeu contribuir para o papel das institui\u00e7\u00f5es de apoio e promo\u00e7\u00e3o dos pequenos neg\u00f3cios e do empreendedorismo nas estrat\u00e9gias de desenvolvimento econ\u00f3mico dos Estados-Membros, bem como para a implementa\u00e7\u00e3o da Agenda Estrat\u00e9gica para a Consolida\u00e7\u00e3o da Coopera\u00e7\u00e3o Econ\u00f3mica da CPLP (2022-2027).<\/p>\t\t\t\t\t\t\t\t<\/div>\n\t\t\t\t<\/div>\n\t\t\t\t\t<\/div>\n\t\t<\/div>\n\t\t\t\t\t<\/div>\n\t\t<\/section>\n\t\t\t\t<\/div>\n\t\t","protected":false},"excerpt":{"rendered":"<p>Em representa\u00e7\u00e3o do Representante Permanente, esteve presente uma diplomata na reuni\u00e3o t\u00e9cnica de prepara\u00e7\u00e3o do \u00abF\u00f3rum dos Institutos de Apoio \u00e0s Pequenas Empresas e ao Empreendedorismo da Comunidade dos Pa\u00edses de L\u00edngua Portuguesa (CPLP)\u00bb, anteriormente designado como \u00abDi\u00e1logo sobre Pequenos Neg\u00f3cios e Empreendedorismo no \u00e2mbito da CPLP\u00bb, decorreu nos dias 21 e 22 de janeiro [&hellip;]<\/p>\n","protected":false},"author":1,"featured_media":7551,"comment_status":"open","ping_status":"open","sticky":false,"template":"","format":"standard","meta":{"om_disable_all_campaigns":false,"_monsterinsights_skip_tracking":false,"cybocfi_hide_featured_image":"yes","footnotes":"","beyondwords_generate_audio":"","beyondwords_project_id":"","beyondwords_content_id":"","beyondwords_integration_method":"","beyondwords_language_code":"","beyondwords_language_id":"","beyondwords_body_voice_id":"","beyondwords_delete_content":"","beyondwords_source":"","beyondwords_output":"","beyondwords_script_template_id":"","beyondwords_video_template_id":"","beyondwords_video_size":"","beyondwords_embed":"","beyondwords_podcast_id":"","speechkit_generate_audio":"","speechkit_project_id":"","speechkit_podcast_id":""},"categories":[54],"tags":[],"class_list":["post-7550","post","type-post","status-publish","format-standard","has-post-thumbnail","hentry","category-reuniao-tecnica-conjunta"],"aioseo_notices":[],"aioseo_head":"\n\t\t<!-- All in One SEO 5.0.1.1 - aioseo.com -->\n\t<meta name=\"description\" content=\"Em representa\u00e7\u00e3o do Representante Permanente, esteve presente uma diplomata na reuni\u00e3o t\u00e9cnica de prepara\u00e7\u00e3o do \u00abF\u00f3rum dos Institutos de Apoio \u00e0s Pequenas Empresas e ao Empreendedorismo da Comunidade dos Pa\u00edses de L\u00edngua Portuguesa (CPLP)\u00bb, anteriormente designado como \u00abDi\u00e1logo sobre Pequenos Neg\u00f3cios e Empreendedorismo no \u00e2mbito da CPLP\u00bb, decorreu nos dias 21 e 22 de janeiro\" \/>\n\t<meta name=\"robots\" content=\"max-image-preview:large\" \/>\n\t<meta name=\"author\" content=\"mangolacplp@gmail.com\"\/>\n\t<meta name=\"google-site-verification\" content=\"OAkRXAdn5uVeBK008XwODWriZMQCNMcAKVhQ2xA_Ous\" \/>\n\t<link rel=\"canonical\" href=\"https:\/\/mangolacplp.pt\/?p=7550\" \/>\n\t<meta name=\"generator\" content=\"All in One SEO (AIOSEO) 5.0.1.1\" \/>\n\t\t<meta property=\"og:locale\" content=\"pt_PT\" \/>\n\t\t<meta property=\"og:site_name\" content=\"Miss\u00e3o Permanente da Rep\u00fablica de Angola junto da CPLP - Minist\u00e9rio das Rela\u00e7\u00f5es Exteriores\" \/>\n\t\t<meta property=\"og:type\" content=\"article\" \/>\n\t\t<meta property=\"og:title\" content=\"Reuni\u00e3o t\u00e9cnica preparat\u00f3ria do \u00abF\u00f3rum dos Institutos de Apoio \u00e0s Pequenas Empresas e ao Empreendedorismo da CPLP\u00bb - Miss\u00e3o Permanente da Rep\u00fablica de Angola junto da CPLP\" \/>\n\t\t<meta property=\"og:description\" content=\"Em representa\u00e7\u00e3o do Representante Permanente, esteve presente uma diplomata na reuni\u00e3o t\u00e9cnica de prepara\u00e7\u00e3o do \u00abF\u00f3rum dos Institutos de Apoio \u00e0s Pequenas Empresas e ao Empreendedorismo da Comunidade dos Pa\u00edses de L\u00edngua Portuguesa (CPLP)\u00bb, anteriormente designado como \u00abDi\u00e1logo sobre Pequenos Neg\u00f3cios e Empreendedorismo no \u00e2mbito da CPLP\u00bb, decorreu nos dias 21 e 22 de janeiro\" \/>\n\t\t<meta property=\"og:url\" content=\"https:\/\/mangolacplp.pt\/?p=7550\" \/>\n\t\t<meta property=\"og:image\" content=\"https:\/\/mangolacplp.pt\/wp-content\/uploads\/2022\/11\/cropped-Design-sem-nome-8-e1667509515366.png\" \/>\n\t\t<meta property=\"og:image:secure_url\" content=\"https:\/\/mangolacplp.pt\/wp-content\/uploads\/2022\/11\/cropped-Design-sem-nome-8-e1667509515366.png\" \/>\n\t\t<meta property=\"article:published_time\" content=\"2025-01-27T10:46:02+00:00\" \/>\n\t\t<meta property=\"article:modified_time\" content=\"2025-01-27T10:47:23+00:00\" \/>\n\t\t<meta name=\"twitter:card\" content=\"summary_large_image\" \/>\n\t\t<meta name=\"twitter:title\" content=\"Reuni\u00e3o t\u00e9cnica preparat\u00f3ria do \u00abF\u00f3rum dos Institutos de Apoio \u00e0s Pequenas Empresas e ao Empreendedorismo da CPLP\u00bb - Miss\u00e3o Permanente da Rep\u00fablica de Angola junto da CPLP\" \/>\n\t\t<meta name=\"twitter:description\" content=\"Em representa\u00e7\u00e3o do Representante Permanente, esteve presente uma diplomata na reuni\u00e3o t\u00e9cnica de prepara\u00e7\u00e3o do \u00abF\u00f3rum dos Institutos de Apoio \u00e0s Pequenas Empresas e ao Empreendedorismo da Comunidade dos Pa\u00edses de L\u00edngua Portuguesa (CPLP)\u00bb, anteriormente designado como \u00abDi\u00e1logo sobre Pequenos Neg\u00f3cios e Empreendedorismo no \u00e2mbito da CPLP\u00bb, decorreu nos dias 21 e 22 de janeiro\" \/>\n\t\t<meta name=\"twitter:image\" content=\"https:\/\/mangolacplp.pt\/wp-content\/uploads\/2022\/11\/cropped-Design-sem-nome-8-e1667509515366.png\" \/>\n\t\t<script type=\"application\/ld+json\" class=\"aioseo-schema\">\n\t\t\t{\"@context\":\"https:\\\/\\\/schema.org\",\"@graph\":[{\"@type\":\"BlogPosting\",\"@id\":\"https:\\\/\\\/mangolacplp.pt\\\/?p=7550#blogposting\",\"name\":\"Reuni\\u00e3o t\\u00e9cnica preparat\\u00f3ria do \\u00abF\\u00f3rum dos Institutos de Apoio \\u00e0s Pequenas Empresas e ao Empreendedorismo da CPLP\\u00bb - Miss\\u00e3o Permanente da Rep\\u00fablica de Angola junto da CPLP\",\"headline\":\"Reuni\\u00e3o t\\u00e9cnica preparat\\u00f3ria do \\u00abF\\u00f3rum dos Institutos de Apoio \\u00e0s Pequenas Empresas e ao Empreendedorismo da CPLP\\u00bb\",\"author\":{\"@id\":\"https:\\\/\\\/mangolacplp.pt\\\/?author=1#author\"},\"publisher\":{\"@id\":\"https:\\\/\\\/mangolacplp.pt\\\/#organization\"},\"image\":{\"@type\":\"ImageObject\",\"url\":\"https:\\\/\\\/mangolacplp.pt\\\/wp-content\\\/uploads\\\/2025\\\/01\\\/reunio-preparatria-do-frum-dos-institutos-de-apoio-s-pequenas-empresas-e-ao-empreendedorismo-cplp_-5_54281499719_o-scaled.jpg\",\"width\":2560,\"height\":1707},\"datePublished\":\"2025-01-27T10:46:02+00:00\",\"dateModified\":\"2025-01-27T10:47:23+00:00\",\"inLanguage\":\"pt-AO\",\"mainEntityOfPage\":{\"@id\":\"https:\\\/\\\/mangolacplp.pt\\\/?p=7550#webpage\"},\"isPartOf\":{\"@id\":\"https:\\\/\\\/mangolacplp.pt\\\/?p=7550#webpage\"},\"articleSection\":\"Reuni\\u00e3o T\\u00e9cnica Conjunta\"},{\"@type\":\"BreadcrumbList\",\"@id\":\"https:\\\/\\\/mangolacplp.pt\\\/?p=7550#breadcrumblist\",\"itemListElement\":[{\"@type\":\"ListItem\",\"@id\":\"https:\\\/\\\/mangolacplp.pt#listItem\",\"position\":1,\"name\":\"Home\",\"item\":\"https:\\\/\\\/mangolacplp.pt\",\"nextItem\":{\"@type\":\"ListItem\",\"@id\":\"https:\\\/\\\/mangolacplp.pt\\\/?cat=54#listItem\",\"name\":\"Reuni\\u00e3o T\\u00e9cnica Conjunta\"}},{\"@type\":\"ListItem\",\"@id\":\"https:\\\/\\\/mangolacplp.pt\\\/?cat=54#listItem\",\"position\":2,\"name\":\"Reuni\\u00e3o T\\u00e9cnica Conjunta\",\"item\":\"https:\\\/\\\/mangolacplp.pt\\\/?cat=54\",\"nextItem\":{\"@type\":\"ListItem\",\"@id\":\"https:\\\/\\\/mangolacplp.pt\\\/?p=7550#listItem\",\"name\":\"Reuni\\u00e3o t\\u00e9cnica preparat\\u00f3ria do \\u00abF\\u00f3rum dos Institutos de Apoio \\u00e0s Pequenas Empresas e ao Empreendedorismo da CPLP\\u00bb\"},\"previousItem\":{\"@type\":\"ListItem\",\"@id\":\"https:\\\/\\\/mangolacplp.pt#listItem\",\"name\":\"Home\"}},{\"@type\":\"ListItem\",\"@id\":\"https:\\\/\\\/mangolacplp.pt\\\/?p=7550#listItem\",\"position\":3,\"name\":\"Reuni\\u00e3o t\\u00e9cnica preparat\\u00f3ria do \\u00abF\\u00f3rum dos Institutos de Apoio \\u00e0s Pequenas Empresas e ao Empreendedorismo da CPLP\\u00bb\",\"previousItem\":{\"@type\":\"ListItem\",\"@id\":\"https:\\\/\\\/mangolacplp.pt\\\/?cat=54#listItem\",\"name\":\"Reuni\\u00e3o T\\u00e9cnica Conjunta\"}}]},{\"@type\":\"Organization\",\"@id\":\"https:\\\/\\\/mangolacplp.pt\\\/#organization\",\"name\":\"Miss\\u00e3o Permanente de Angola junto da CPLP em Lisboa, Portugal\",\"description\":\"Minist\\u00e9rio das Rela\\u00e7\\u00f5es Exteriores\",\"url\":\"https:\\\/\\\/mangolacplp.pt\\\/\",\"telephone\":\"+351217967041\",\"logo\":{\"@type\":\"ImageObject\",\"url\":\"https:\\\/\\\/mangolacplp.pt\\\/wp-content\\\/uploads\\\/2022\\\/11\\\/cropped-Design-sem-nome-8-e1667509515366.png\",\"@id\":\"https:\\\/\\\/mangolacplp.pt\\\/?p=7550\\\/#organizationLogo\",\"width\":100,\"height\":110},\"image\":{\"@id\":\"https:\\\/\\\/mangolacplp.pt\\\/?p=7550\\\/#organizationLogo\"},\"sameAs\":[\"https:\\\/\\\/instagram.com\\\/@mangolacplp\",\"https:\\\/\\\/pinterest.com\\\/@mangolacplp\",\"https:\\\/\\\/youtube.com\\\/@mangolacplp\"]},{\"@type\":\"Person\",\"@id\":\"https:\\\/\\\/mangolacplp.pt\\\/?author=1#author\",\"url\":\"https:\\\/\\\/mangolacplp.pt\\\/?author=1\",\"name\":\"mangolacplp@gmail.com\",\"image\":{\"@type\":\"ImageObject\",\"@id\":\"https:\\\/\\\/mangolacplp.pt\\\/?p=7550#authorImage\",\"url\":\"https:\\\/\\\/secure.gravatar.com\\\/avatar\\\/579ea7126b16e64f11fc72b0f987cd6be1fc9aeaed3ed153efdf8fa631f35142?s=96&d=mm&r=g\",\"width\":96,\"height\":96,\"caption\":\"mangolacplp@gmail.com\"}},{\"@type\":\"WebPage\",\"@id\":\"https:\\\/\\\/mangolacplp.pt\\\/?p=7550#webpage\",\"url\":\"https:\\\/\\\/mangolacplp.pt\\\/?p=7550\",\"name\":\"Reuni\\u00e3o t\\u00e9cnica preparat\\u00f3ria do \\u00abF\\u00f3rum dos Institutos de Apoio \\u00e0s Pequenas Empresas e ao Empreendedorismo da CPLP\\u00bb - Miss\\u00e3o Permanente da Rep\\u00fablica de Angola junto da CPLP\",\"description\":\"Em representa\\u00e7\\u00e3o do Representante Permanente, esteve presente uma diplomata na reuni\\u00e3o t\\u00e9cnica de prepara\\u00e7\\u00e3o do \\u00abF\\u00f3rum dos Institutos de Apoio \\u00e0s Pequenas Empresas e ao Empreendedorismo da Comunidade dos Pa\\u00edses de L\\u00edngua Portuguesa (CPLP)\\u00bb, anteriormente designado como \\u00abDi\\u00e1logo sobre Pequenos Neg\\u00f3cios e Empreendedorismo no \\u00e2mbito da CPLP\\u00bb, decorreu nos dias 21 e 22 de janeiro\",\"inLanguage\":\"pt-AO\",\"isPartOf\":{\"@id\":\"https:\\\/\\\/mangolacplp.pt\\\/#website\"},\"breadcrumb\":{\"@id\":\"https:\\\/\\\/mangolacplp.pt\\\/?p=7550#breadcrumblist\"},\"author\":{\"@id\":\"https:\\\/\\\/mangolacplp.pt\\\/?author=1#author\"},\"creator\":{\"@id\":\"https:\\\/\\\/mangolacplp.pt\\\/?author=1#author\"},\"image\":{\"@type\":\"ImageObject\",\"url\":\"https:\\\/\\\/mangolacplp.pt\\\/wp-content\\\/uploads\\\/2025\\\/01\\\/reunio-preparatria-do-frum-dos-institutos-de-apoio-s-pequenas-empresas-e-ao-empreendedorismo-cplp_-5_54281499719_o-scaled.jpg\",\"@id\":\"https:\\\/\\\/mangolacplp.pt\\\/?p=7550\\\/#mainImage\",\"width\":2560,\"height\":1707},\"primaryImageOfPage\":{\"@id\":\"https:\\\/\\\/mangolacplp.pt\\\/?p=7550#mainImage\"},\"datePublished\":\"2025-01-27T10:46:02+00:00\",\"dateModified\":\"2025-01-27T10:47:23+00:00\"},{\"@type\":\"WebSite\",\"@id\":\"https:\\\/\\\/mangolacplp.pt\\\/#website\",\"url\":\"https:\\\/\\\/mangolacplp.pt\\\/\",\"name\":\"Miss\\u00e3o Permanente da Republica de Angola junto da CPLP\",\"description\":\"Minist\\u00e9rio das Rela\\u00e7\\u00f5es Exteriores\",\"inLanguage\":\"pt-AO\",\"publisher\":{\"@id\":\"https:\\\/\\\/mangolacplp.pt\\\/#organization\"}}]}\n\t\t<\/script>\n\t\t<!-- All in One SEO -->\n\n","aioseo_head_json":{"title":"Reuni\u00e3o t\u00e9cnica preparat\u00f3ria do \u00abF\u00f3rum dos Institutos de Apoio \u00e0s Pequenas Empresas e ao Empreendedorismo da CPLP\u00bb - Miss\u00e3o Permanente da Rep\u00fablica de Angola junto da CPLP","description":"Em representa\u00e7\u00e3o do Representante Permanente, esteve presente uma diplomata na reuni\u00e3o t\u00e9cnica de prepara\u00e7\u00e3o do \u00abF\u00f3rum dos Institutos de Apoio \u00e0s Pequenas Empresas e ao Empreendedorismo da Comunidade dos Pa\u00edses de L\u00edngua Portuguesa (CPLP)\u00bb, anteriormente designado como \u00abDi\u00e1logo sobre Pequenos Neg\u00f3cios e Empreendedorismo no \u00e2mbito da CPLP\u00bb, decorreu nos dias 21 e 22 de janeiro","canonical_url":"https:\/\/mangolacplp.pt\/?p=7550","robots":"max-image-preview:large","keywords":"","webmasterTools":{"google-site-verification":"OAkRXAdn5uVeBK008XwODWriZMQCNMcAKVhQ2xA_Ous","miscellaneous":""},"schema":{"@context":"https:\/\/schema.org","@graph":[{"@type":"BlogPosting","@id":"https:\/\/mangolacplp.pt\/?p=7550#blogposting","name":"Reuni\u00e3o t\u00e9cnica preparat\u00f3ria do \u00abF\u00f3rum dos Institutos de Apoio \u00e0s Pequenas Empresas e ao Empreendedorismo da CPLP\u00bb - Miss\u00e3o Permanente da Rep\u00fablica de Angola junto da CPLP","headline":"Reuni\u00e3o t\u00e9cnica preparat\u00f3ria do \u00abF\u00f3rum dos Institutos de Apoio \u00e0s Pequenas Empresas e ao Empreendedorismo da CPLP\u00bb","author":{"@id":"https:\/\/mangolacplp.pt\/?author=1#author"},"publisher":{"@id":"https:\/\/mangolacplp.pt\/#organization"},"image":{"@type":"ImageObject","url":"https:\/\/mangolacplp.pt\/wp-content\/uploads\/2025\/01\/reunio-preparatria-do-frum-dos-institutos-de-apoio-s-pequenas-empresas-e-ao-empreendedorismo-cplp_-5_54281499719_o-scaled.jpg","width":2560,"height":1707},"datePublished":"2025-01-27T10:46:02+00:00","dateModified":"2025-01-27T10:47:23+00:00","inLanguage":"pt-AO","mainEntityOfPage":{"@id":"https:\/\/mangolacplp.pt\/?p=7550#webpage"},"isPartOf":{"@id":"https:\/\/mangolacplp.pt\/?p=7550#webpage"},"articleSection":"Reuni\u00e3o T\u00e9cnica Conjunta"},{"@type":"BreadcrumbList","@id":"https:\/\/mangolacplp.pt\/?p=7550#breadcrumblist","itemListElement":[{"@type":"ListItem","@id":"https:\/\/mangolacplp.pt#listItem","position":1,"name":"Home","item":"https:\/\/mangolacplp.pt","nextItem":{"@type":"ListItem","@id":"https:\/\/mangolacplp.pt\/?cat=54#listItem","name":"Reuni\u00e3o T\u00e9cnica Conjunta"}},{"@type":"ListItem","@id":"https:\/\/mangolacplp.pt\/?cat=54#listItem","position":2,"name":"Reuni\u00e3o T\u00e9cnica Conjunta","item":"https:\/\/mangolacplp.pt\/?cat=54","nextItem":{"@type":"ListItem","@id":"https:\/\/mangolacplp.pt\/?p=7550#listItem","name":"Reuni\u00e3o t\u00e9cnica preparat\u00f3ria do \u00abF\u00f3rum dos Institutos de Apoio \u00e0s Pequenas Empresas e ao Empreendedorismo da CPLP\u00bb"},"previousItem":{"@type":"ListItem","@id":"https:\/\/mangolacplp.pt#listItem","name":"Home"}},{"@type":"ListItem","@id":"https:\/\/mangolacplp.pt\/?p=7550#listItem","position":3,"name":"Reuni\u00e3o t\u00e9cnica preparat\u00f3ria do \u00abF\u00f3rum dos Institutos de Apoio \u00e0s Pequenas Empresas e ao Empreendedorismo da CPLP\u00bb","previousItem":{"@type":"ListItem","@id":"https:\/\/mangolacplp.pt\/?cat=54#listItem","name":"Reuni\u00e3o T\u00e9cnica Conjunta"}}]},{"@type":"Organization","@id":"https:\/\/mangolacplp.pt\/#organization","name":"Miss\u00e3o Permanente de Angola junto da CPLP em Lisboa, Portugal","description":"Minist\u00e9rio das Rela\u00e7\u00f5es Exteriores","url":"https:\/\/mangolacplp.pt\/","telephone":"+351217967041","logo":{"@type":"ImageObject","url":"https:\/\/mangolacplp.pt\/wp-content\/uploads\/2022\/11\/cropped-Design-sem-nome-8-e1667509515366.png","@id":"https:\/\/mangolacplp.pt\/?p=7550\/#organizationLogo","width":100,"height":110},"image":{"@id":"https:\/\/mangolacplp.pt\/?p=7550\/#organizationLogo"},"sameAs":["https:\/\/instagram.com\/@mangolacplp","https:\/\/pinterest.com\/@mangolacplp","https:\/\/youtube.com\/@mangolacplp"]},{"@type":"Person","@id":"https:\/\/mangolacplp.pt\/?author=1#author","url":"https:\/\/mangolacplp.pt\/?author=1","name":"mangolacplp@gmail.com","image":{"@type":"ImageObject","@id":"https:\/\/mangolacplp.pt\/?p=7550#authorImage","url":"https:\/\/secure.gravatar.com\/avatar\/579ea7126b16e64f11fc72b0f987cd6be1fc9aeaed3ed153efdf8fa631f35142?s=96&d=mm&r=g","width":96,"height":96,"caption":"mangolacplp@gmail.com"}},{"@type":"WebPage","@id":"https:\/\/mangolacplp.pt\/?p=7550#webpage","url":"https:\/\/mangolacplp.pt\/?p=7550","name":"Reuni\u00e3o t\u00e9cnica preparat\u00f3ria do \u00abF\u00f3rum dos Institutos de Apoio \u00e0s Pequenas Empresas e ao Empreendedorismo da CPLP\u00bb - Miss\u00e3o Permanente da Rep\u00fablica de Angola junto da CPLP","description":"Em representa\u00e7\u00e3o do Representante Permanente, esteve presente uma diplomata na reuni\u00e3o t\u00e9cnica de prepara\u00e7\u00e3o do \u00abF\u00f3rum dos Institutos de Apoio \u00e0s Pequenas Empresas e ao Empreendedorismo da Comunidade dos Pa\u00edses de L\u00edngua Portuguesa (CPLP)\u00bb, anteriormente designado como \u00abDi\u00e1logo sobre Pequenos Neg\u00f3cios e Empreendedorismo no \u00e2mbito da CPLP\u00bb, decorreu nos dias 21 e 22 de janeiro","inLanguage":"pt-AO","isPartOf":{"@id":"https:\/\/mangolacplp.pt\/#website"},"breadcrumb":{"@id":"https:\/\/mangolacplp.pt\/?p=7550#breadcrumblist"},"author":{"@id":"https:\/\/mangolacplp.pt\/?author=1#author"},"creator":{"@id":"https:\/\/mangolacplp.pt\/?author=1#author"},"image":{"@type":"ImageObject","url":"https:\/\/mangolacplp.pt\/wp-content\/uploads\/2025\/01\/reunio-preparatria-do-frum-dos-institutos-de-apoio-s-pequenas-empresas-e-ao-empreendedorismo-cplp_-5_54281499719_o-scaled.jpg","@id":"https:\/\/mangolacplp.pt\/?p=7550\/#mainImage","width":2560,"height":1707},"primaryImageOfPage":{"@id":"https:\/\/mangolacplp.pt\/?p=7550#mainImage"},"datePublished":"2025-01-27T10:46:02+00:00","dateModified":"2025-01-27T10:47:23+00:00"},{"@type":"WebSite","@id":"https:\/\/mangolacplp.pt\/#website","url":"https:\/\/mangolacplp.pt\/","name":"Miss\u00e3o Permanente da Republica de Angola junto da CPLP","description":"Minist\u00e9rio das Rela\u00e7\u00f5es Exteriores","inLanguage":"pt-AO","publisher":{"@id":"https:\/\/mangolacplp.pt\/#organization"}}]},"og:locale":"pt_PT","og:site_name":"Miss\u00e3o Permanente da Rep\u00fablica de Angola junto da CPLP - Minist\u00e9rio das Rela\u00e7\u00f5es Exteriores","og:type":"article","og:title":"Reuni\u00e3o t\u00e9cnica preparat\u00f3ria do \u00abF\u00f3rum dos Institutos de Apoio \u00e0s Pequenas Empresas e ao Empreendedorismo da CPLP\u00bb - Miss\u00e3o Permanente da Rep\u00fablica de Angola junto da CPLP","og:description":"Em representa\u00e7\u00e3o do Representante Permanente, esteve presente uma diplomata na reuni\u00e3o t\u00e9cnica de prepara\u00e7\u00e3o do \u00abF\u00f3rum dos Institutos de Apoio \u00e0s Pequenas Empresas e ao Empreendedorismo da Comunidade dos Pa\u00edses de L\u00edngua Portuguesa (CPLP)\u00bb, anteriormente designado como \u00abDi\u00e1logo sobre Pequenos Neg\u00f3cios e Empreendedorismo no \u00e2mbito da CPLP\u00bb, decorreu nos dias 21 e 22 de janeiro","og:url":"https:\/\/mangolacplp.pt\/?p=7550","og:image":"https:\/\/mangolacplp.pt\/wp-content\/uploads\/2022\/11\/cropped-Design-sem-nome-8-e1667509515366.png","og:image:secure_url":"https:\/\/mangolacplp.pt\/wp-content\/uploads\/2022\/11\/cropped-Design-sem-nome-8-e1667509515366.png","article:published_time":"2025-01-27T10:46:02+00:00","article:modified_time":"2025-01-27T10:47:23+00:00","twitter:card":"summary_large_image","twitter:title":"Reuni\u00e3o t\u00e9cnica preparat\u00f3ria do \u00abF\u00f3rum dos Institutos de Apoio \u00e0s Pequenas Empresas e ao Empreendedorismo da CPLP\u00bb - Miss\u00e3o Permanente da Rep\u00fablica de Angola junto da CPLP","twitter:description":"Em representa\u00e7\u00e3o do Representante Permanente, esteve presente uma diplomata na reuni\u00e3o t\u00e9cnica de prepara\u00e7\u00e3o do \u00abF\u00f3rum dos Institutos de Apoio \u00e0s Pequenas Empresas e ao Empreendedorismo da Comunidade dos Pa\u00edses de L\u00edngua Portuguesa (CPLP)\u00bb, anteriormente designado como \u00abDi\u00e1logo sobre Pequenos Neg\u00f3cios e Empreendedorismo no \u00e2mbito da CPLP\u00bb, decorreu nos dias 21 e 22 de janeiro","twitter:image":"https:\/\/mangolacplp.pt\/wp-content\/uploads\/2022\/11\/cropped-Design-sem-nome-8-e1667509515366.png"},"aioseo_meta_data":{"post_id":"7550","title":null,"description":null,"keywords":null,"keyphrases":{"focus":{"keyphrase":"","score":0,"analysis":{"keyphraseInTitle":{"score":0,"maxScore":9,"error":1}}},"additional":[]},"primary_term":null,"canonical_url":null,"og_title":null,"og_description":null,"og_object_type":"default","og_image_type":"default","og_image_url":null,"og_image_width":null,"og_image_height":null,"og_image_custom_url":null,"og_image_custom_fields":null,"og_video":"","og_custom_url":null,"og_article_section":null,"og_article_tags":null,"twitter_use_og":false,"twitter_card":"default","twitter_image_type":"default","twitter_image_url":null,"twitter_image_custom_url":null,"twitter_image_custom_fields":null,"twitter_title":null,"twitter_description":null,"schema":{"blockGraphs":[],"customGraphs":[],"default":{"data":{"Article":[],"Course":[],"Dataset":[],"FAQPage":[],"Movie":[],"Person":[],"Product":[],"ProductReview":[],"Car":[],"Recipe":[],"Service":[],"SoftwareApplication":[],"WebPage":[]},"graphName":"BlogPosting","isEnabled":true},"graphs":[]},"schema_type":"default","schema_type_options":null,"pillar_content":false,"robots_default":true,"robots_noindex":false,"robots_noarchive":false,"robots_nosnippet":false,"robots_nofollow":false,"robots_noimageindex":false,"robots_noodp":false,"robots_notranslate":false,"robots_max_snippet":"-1","robots_max_videopreview":"-1","robots_max_imagepreview":"large","priority":null,"frequency":"default","local_seo":null,"breadcrumb_settings":null,"limit_modified_date":false,"ai":null,"created":"2025-01-27 10:44:37","updated":"2025-06-05 09:22:22","seo_analyzer_scan_date":null,"focus_keyword":null,"additional_keywords":null,"truseo_locale":null},"aioseo_breadcrumb":"<div class=\"aioseo-breadcrumbs\"><span class=\"aioseo-breadcrumb\">\n\t\t\t<a href=\"https:\/\/mangolacplp.pt\" title=\"Home\">Home<\/a>\n\t\t<\/span><span class=\"aioseo-breadcrumb-separator\">&raquo;<\/span><span class=\"aioseo-breadcrumb\">\n\t\t\t<a href=\"https:\/\/mangolacplp.pt\/?cat=54\" title=\"Reuni\u00e3o T\u00e9cnica Conjunta\">Reuni\u00e3o T\u00e9cnica Conjunta<\/a>\n\t\t<\/span><span class=\"aioseo-breadcrumb-separator\">&raquo;<\/span><span class=\"aioseo-breadcrumb\">\n\t\t\tReuni\u00e3o t\u00e9cnica preparat\u00f3ria do \u00abF\u00f3rum dos Institutos de Apoio \u00e0s Pequenas Empresas e ao Empreendedorismo da CPLP\u00bb\n\t\t<\/span><\/div>","aioseo_breadcrumb_json":[{"label":"Home","link":"https:\/\/mangolacplp.pt"},{"label":"Reuni\u00e3o T\u00e9cnica Conjunta","link":"https:\/\/mangolacplp.pt\/?cat=54"},{"label":"Reuni\u00e3o t\u00e9cnica preparat\u00f3ria do \u00abF\u00f3rum dos Institutos de Apoio \u00e0s Pequenas Empresas e ao Empreendedorismo da CPLP\u00bb","link":"https:\/\/mangolacplp.pt\/?p=7550"}],"_links":{"self":[{"href":"https:\/\/mangolacplp.pt\/index.php?rest_route=\/wp\/v2\/posts\/7550","targetHints":{"allow":["GET"]}}],"collection":[{"href":"https:\/\/mangolacplp.pt\/index.php?rest_route=\/wp\/v2\/posts"}],"about":[{"href":"https:\/\/mangolacplp.pt\/index.php?rest_route=\/wp\/v2\/types\/post"}],"author":[{"embeddable":true,"href":"https:\/\/mangolacplp.pt\/index.php?rest_route=\/wp\/v2\/users\/1"}],"replies":[{"embeddable":true,"href":"https:\/\/mangolacplp.pt\/index.php?rest_route=%2Fwp%2Fv2%2Fcomments&post=7550"}],"version-history":[{"count":4,"href":"https:\/\/mangolacplp.pt\/index.php?rest_route=\/wp\/v2\/posts\/7550\/revisions"}],"predecessor-version":[{"id":7557,"href":"https:\/\/mangolacplp.pt\/index.php?rest_route=\/wp\/v2\/posts\/7550\/revisions\/7557"}],"wp:featuredmedia":[{"embeddable":true,"href":"https:\/\/mangolacplp.pt\/index.php?rest_route=\/wp\/v2\/media\/7551"}],"wp:attachment":[{"href":"https:\/\/mangolacplp.pt\/index.php?rest_route=%2Fwp%2Fv2%2Fmedia&parent=7550"}],"wp:term":[{"taxonomy":"category","embeddable":true,"href":"https:\/\/mangolacplp.pt\/index.php?rest_route=%2Fwp%2Fv2%2Fcategories&post=7550"},{"taxonomy":"post_tag","embeddable":true,"href":"https:\/\/mangolacplp.pt\/index.php?rest_route=%2Fwp%2Fv2%2Ftags&post=7550"}],"curies":[{"name":"wp","href":"https:\/\/api.w.org\/{rel}","templated":true}]}}