{"id":8044,"date":"2026-03-16T15:37:55","date_gmt":"2026-03-16T15:37:55","guid":{"rendered":"https:\/\/mangolacplp.pt\/?p=8044"},"modified":"2026-03-16T15:38:07","modified_gmt":"2026-03-16T15:38:07","slug":"missao-permanente-de-angola-junto-da-cplp-participou-na-abertura-da-51-a-reuniao-dos-pontos-focais-de-cooperacao","status":"publish","type":"post","link":"https:\/\/mangolacplp.pt\/?p=8044","title":{"rendered":"Miss\u00e3o Permanente de Angola junto da CPLP participou na abertura da 51.\u00aa Reuni\u00e3o dos Pontos Focais de Coopera\u00e7\u00e3o"},"content":{"rendered":"\t\t<div data-elementor-type=\"wp-post\" data-elementor-id=\"8044\" class=\"elementor elementor-8044\">\n\t\t\t\t\t\t<section class=\"elementor-section elementor-top-section elementor-element elementor-element-75c2e5b elementor-section-boxed elementor-section-height-default elementor-section-height-default\" data-id=\"75c2e5b\" data-element_type=\"section\" data-e-type=\"section\">\n\t\t\t\t\t\t<div class=\"elementor-container elementor-column-gap-default\">\n\t\t\t\t\t<div class=\"elementor-column elementor-col-50 elementor-top-column elementor-element elementor-element-f6f49e4\" data-id=\"f6f49e4\" data-element_type=\"column\" data-e-type=\"column\">\n\t\t\t<div class=\"elementor-widget-wrap elementor-element-populated\">\n\t\t\t\t\t\t<div class=\"elementor-element elementor-element-821f52a elementor-widget elementor-widget-image\" data-id=\"821f52a\" data-element_type=\"widget\" data-e-type=\"widget\" data-widget_type=\"image.default\">\n\t\t\t\t<div class=\"elementor-widget-container\">\n\t\t\t\t\t\t\t\t\t\t\t\t\t\t\t<img fetchpriority=\"high\" decoding=\"async\" width=\"640\" height=\"427\" src=\"https:\/\/mangolacplp.pt\/wp-content\/uploads\/2026\/03\/ministro-dos-negcios-estrangeiros-de-timor-leste-na-abertura-da-51-reunio-dos-pontos-focais-de-cooperao_55145268884_o-768x512.jpg\" class=\"attachment-medium_large size-medium_large wp-image-8045\" alt=\"\" srcset=\"https:\/\/mangolacplp.pt\/wp-content\/uploads\/2026\/03\/ministro-dos-negcios-estrangeiros-de-timor-leste-na-abertura-da-51-reunio-dos-pontos-focais-de-cooperao_55145268884_o-768x512.jpg 768w, https:\/\/mangolacplp.pt\/wp-content\/uploads\/2026\/03\/ministro-dos-negcios-estrangeiros-de-timor-leste-na-abertura-da-51-reunio-dos-pontos-focais-de-cooperao_55145268884_o-300x200.jpg 300w, https:\/\/mangolacplp.pt\/wp-content\/uploads\/2026\/03\/ministro-dos-negcios-estrangeiros-de-timor-leste-na-abertura-da-51-reunio-dos-pontos-focais-de-cooperao_55145268884_o-1024x682.jpg 1024w, https:\/\/mangolacplp.pt\/wp-content\/uploads\/2026\/03\/ministro-dos-negcios-estrangeiros-de-timor-leste-na-abertura-da-51-reunio-dos-pontos-focais-de-cooperao_55145268884_o-1536x1023.jpg 1536w, https:\/\/mangolacplp.pt\/wp-content\/uploads\/2026\/03\/ministro-dos-negcios-estrangeiros-de-timor-leste-na-abertura-da-51-reunio-dos-pontos-focais-de-cooperao_55145268884_o.jpg 1600w\" sizes=\"(max-width: 640px) 100vw, 640px\" \/>\t\t\t\t\t\t\t\t\t\t\t\t\t\t\t<\/div>\n\t\t\t\t<\/div>\n\t\t\t\t\t<\/div>\n\t\t<\/div>\n\t\t\t\t<div class=\"elementor-column elementor-col-50 elementor-top-column elementor-element elementor-element-4c40175\" data-id=\"4c40175\" data-element_type=\"column\" data-e-type=\"column\">\n\t\t\t<div class=\"elementor-widget-wrap elementor-element-populated\">\n\t\t\t\t\t\t<div class=\"elementor-element elementor-element-3013548 elementor-widget elementor-widget-text-editor\" data-id=\"3013548\" data-element_type=\"widget\" data-e-type=\"widget\" data-widget_type=\"text-editor.default\">\n\t\t\t\t<div class=\"elementor-widget-container\">\n\t\t\t\t\t\t\t\t\t<p>A Miss\u00e3o Permanente da Rep\u00fablica de Angola junto da Comunidade dos Pa\u00edses de L\u00edngua Portuguesa (CPLP) participou, no dia 12 de Mar\u00e7o de 2026, na sess\u00e3o de abertura da 51.\u00aa Reuni\u00e3o dos Pontos Focais de Coopera\u00e7\u00e3o da CPLP, realizada na sede da Organiza\u00e7\u00e3o.<\/p><p>A sess\u00e3o de abertura contou com as interven\u00e7\u00f5es do Ministro dos Neg\u00f3cios Estrangeiros e Coopera\u00e7\u00e3o da Rep\u00fablica Democr\u00e1tica de Timor-Leste e Presidente em exerc\u00edcio do Conselho de Ministros da CPLP, Bendito dos Santos Freitas, e da Secret\u00e1ria Executiva da CPLP, Embaixadora Maria de F\u00e1tima Jardim.<\/p>\t\t\t\t\t\t\t\t<\/div>\n\t\t\t\t<\/div>\n\t\t\t\t\t<\/div>\n\t\t<\/div>\n\t\t\t\t\t<\/div>\n\t\t<\/section>\n\t\t\t\t<section class=\"elementor-section elementor-top-section elementor-element elementor-element-d1f72a3 elementor-section-boxed elementor-section-height-default elementor-section-height-default\" data-id=\"d1f72a3\" data-element_type=\"section\" data-e-type=\"section\">\n\t\t\t\t\t\t<div class=\"elementor-container elementor-column-gap-default\">\n\t\t\t\t\t<div class=\"elementor-column elementor-col-50 elementor-top-column elementor-element elementor-element-78d6731\" data-id=\"78d6731\" data-element_type=\"column\" data-e-type=\"column\">\n\t\t\t<div class=\"elementor-widget-wrap elementor-element-populated\">\n\t\t\t\t\t\t<div class=\"elementor-element elementor-element-c9cb8ba elementor-widget elementor-widget-text-editor\" data-id=\"c9cb8ba\" data-element_type=\"widget\" data-e-type=\"widget\" data-widget_type=\"text-editor.default\">\n\t\t\t\t<div class=\"elementor-widget-container\">\n\t\t\t\t\t\t\t\t\t<p>De acordo com a agenda da reuni\u00e3o, as delega\u00e7\u00f5es dos Estados-Membros analisaram, nos dias 12 e 13 de Mar\u00e7o de 2026, as actividades em execu\u00e7\u00e3o no \u00e2mbito do Fundo Especial da CPLP e outros temas de coopera\u00e7\u00e3o. Os trabalhos incluem igualmente a aprecia\u00e7\u00e3o do relat\u00f3rio do Quadro Bienal de Coopera\u00e7\u00e3o 2024\u20132026, bem como a an\u00e1lise de mat\u00e9rias relativas \u00e0 Vis\u00e3o Estrat\u00e9gica da CPLP 2027\u20132033 e a delibera\u00e7\u00e3o sobre novas propostas de actividades, entre outros assuntos.<\/p><p>A Miss\u00e3o Permanente de Angola junto da CPLP esteve representada pelo Representante Permanente da Rep\u00fablica de Angola junto da CPLP, Embaixador Evaristo Dias da Silva, reafirmando o compromisso de Angola com o refor\u00e7o da coopera\u00e7\u00e3o multilateral e com a implementa\u00e7\u00e3o das prioridades da agenda comunit\u00e1ria.<\/p>\t\t\t\t\t\t\t\t<\/div>\n\t\t\t\t<\/div>\n\t\t\t\t\t<\/div>\n\t\t<\/div>\n\t\t\t\t<div class=\"elementor-column elementor-col-50 elementor-top-column elementor-element elementor-element-1f8e557\" data-id=\"1f8e557\" data-element_type=\"column\" data-e-type=\"column\">\n\t\t\t<div class=\"elementor-widget-wrap elementor-element-populated\">\n\t\t\t\t\t\t<div class=\"elementor-element elementor-element-cb886d0 elementor-widget elementor-widget-image\" data-id=\"cb886d0\" data-element_type=\"widget\" data-e-type=\"widget\" data-widget_type=\"image.default\">\n\t\t\t\t<div class=\"elementor-widget-container\">\n\t\t\t\t\t\t\t\t\t\t\t\t\t\t\t<img decoding=\"async\" width=\"640\" height=\"427\" src=\"https:\/\/mangolacplp.pt\/wp-content\/uploads\/2026\/03\/ministro-dos-negcios-estrangeiros-de-timor-leste-na-abertura-da-51-reunio-dos-pontos-focais-de-cooperao_55145413980_o-768x512.jpg\" class=\"attachment-medium_large size-medium_large wp-image-8046\" alt=\"\" srcset=\"https:\/\/mangolacplp.pt\/wp-content\/uploads\/2026\/03\/ministro-dos-negcios-estrangeiros-de-timor-leste-na-abertura-da-51-reunio-dos-pontos-focais-de-cooperao_55145413980_o-768x512.jpg 768w, https:\/\/mangolacplp.pt\/wp-content\/uploads\/2026\/03\/ministro-dos-negcios-estrangeiros-de-timor-leste-na-abertura-da-51-reunio-dos-pontos-focais-de-cooperao_55145413980_o-300x200.jpg 300w, https:\/\/mangolacplp.pt\/wp-content\/uploads\/2026\/03\/ministro-dos-negcios-estrangeiros-de-timor-leste-na-abertura-da-51-reunio-dos-pontos-focais-de-cooperao_55145413980_o-1024x682.jpg 1024w, https:\/\/mangolacplp.pt\/wp-content\/uploads\/2026\/03\/ministro-dos-negcios-estrangeiros-de-timor-leste-na-abertura-da-51-reunio-dos-pontos-focais-de-cooperao_55145413980_o-1536x1023.jpg 1536w, https:\/\/mangolacplp.pt\/wp-content\/uploads\/2026\/03\/ministro-dos-negcios-estrangeiros-de-timor-leste-na-abertura-da-51-reunio-dos-pontos-focais-de-cooperao_55145413980_o.jpg 1600w\" sizes=\"(max-width: 640px) 100vw, 640px\" \/>\t\t\t\t\t\t\t\t\t\t\t\t\t\t\t<\/div>\n\t\t\t\t<\/div>\n\t\t\t\t\t<\/div>\n\t\t<\/div>\n\t\t\t\t\t<\/div>\n\t\t<\/section>\n\t\t\t\t<\/div>\n\t\t","protected":false},"excerpt":{"rendered":"<p>A Miss\u00e3o Permanente da Rep\u00fablica de Angola junto da Comunidade dos Pa\u00edses de L\u00edngua Portuguesa (CPLP) participou, no dia 12 de Mar\u00e7o de 2026, na sess\u00e3o de abertura da 51.\u00aa Reuni\u00e3o dos Pontos Focais de Coopera\u00e7\u00e3o da CPLP, realizada na sede da Organiza\u00e7\u00e3o. A sess\u00e3o de abertura contou com as interven\u00e7\u00f5es do Ministro dos Neg\u00f3cios [&hellip;]<\/p>\n","protected":false},"author":1,"featured_media":8046,"comment_status":"open","ping_status":"open","sticky":false,"template":"","format":"standard","meta":{"om_disable_all_campaigns":false,"_monsterinsights_skip_tracking":false,"_monsterinsights_sitenote_active":false,"_monsterinsights_sitenote_note":"","_monsterinsights_sitenote_category":0,"cybocfi_hide_featured_image":"yes","footnotes":"","beyondwords_generate_audio":"","beyondwords_integration_method":"","beyondwords_project_id":"","beyondwords_content_id":"","beyondwords_preview_token":"","beyondwords_player_content":"","beyondwords_player_style":"","beyondwords_language_code":"","beyondwords_language_id":"","beyondwords_title_voice_id":"","beyondwords_body_voice_id":"","beyondwords_summary_voice_id":"","beyondwords_error_message":"","beyondwords_disabled":"","beyondwords_delete_content":"","beyondwords_podcast_id":"","beyondwords_hash":"","publish_post_to_speechkit":"","speechkit_hash":"","speechkit_generate_audio":"","speechkit_project_id":"","speechkit_podcast_id":"","speechkit_error_message":"","speechkit_disabled":"","speechkit_access_key":"","speechkit_error":"","speechkit_info":"","speechkit_response":"","speechkit_retries":"","speechkit_status":"","speechkit_updated_at":"","_speechkit_link":"","_speechkit_text":""},"categories":[3,49],"tags":[],"class_list":["post-8044","post","type-post","status-publish","format-standard","has-post-thumbnail","hentry","category-angola","category-reuniao-dos-pontos-focais"],"aioseo_notices":[],"_links":{"self":[{"href":"https:\/\/mangolacplp.pt\/index.php?rest_route=\/wp\/v2\/posts\/8044","targetHints":{"allow":["GET"]}}],"collection":[{"href":"https:\/\/mangolacplp.pt\/index.php?rest_route=\/wp\/v2\/posts"}],"about":[{"href":"https:\/\/mangolacplp.pt\/index.php?rest_route=\/wp\/v2\/types\/post"}],"author":[{"embeddable":true,"href":"https:\/\/mangolacplp.pt\/index.php?rest_route=\/wp\/v2\/users\/1"}],"replies":[{"embeddable":true,"href":"https:\/\/mangolacplp.pt\/index.php?rest_route=%2Fwp%2Fv2%2Fcomments&post=8044"}],"version-history":[{"count":4,"href":"https:\/\/mangolacplp.pt\/index.php?rest_route=\/wp\/v2\/posts\/8044\/revisions"}],"predecessor-version":[{"id":8050,"href":"https:\/\/mangolacplp.pt\/index.php?rest_route=\/wp\/v2\/posts\/8044\/revisions\/8050"}],"wp:featuredmedia":[{"embeddable":true,"href":"https:\/\/mangolacplp.pt\/index.php?rest_route=\/wp\/v2\/media\/8046"}],"wp:attachment":[{"href":"https:\/\/mangolacplp.pt\/index.php?rest_route=%2Fwp%2Fv2%2Fmedia&parent=8044"}],"wp:term":[{"taxonomy":"category","embeddable":true,"href":"https:\/\/mangolacplp.pt\/index.php?rest_route=%2Fwp%2Fv2%2Fcategories&post=8044"},{"taxonomy":"post_tag","embeddable":true,"href":"https:\/\/mangolacplp.pt\/index.php?rest_route=%2Fwp%2Fv2%2Ftags&post=8044"}],"curies":[{"name":"wp","href":"https:\/\/api.w.org\/{rel}","templated":true}]}}